{"id":3238,"date":"2025-05-19T11:30:18","date_gmt":"2025-05-19T09:30:18","guid":{"rendered":"https:\/\/www.fasthotel.com\/blog\/?p=3238"},"modified":"2025-05-19T13:38:59","modified_gmt":"2025-05-19T11:38:59","slug":"fetes-de-bayonne-lart-de-vivre-la-plus-grande-fete-du-sud-ouest","status":"publish","type":"post","link":"https:\/\/www.fasthotel.com\/blog\/evenements\/fetes-de-bayonne-lart-de-vivre-la-plus-grande-fete-du-sud-ouest\/","title":{"rendered":"F\u00eates de Bayonne : L&rsquo;Art de Vivre,  la Plus Grande F\u00eate du Sud-Ouest"},"content":{"rendered":"<p>Les f\u00eates de Bayonne attirent plus de 1,3 million de personnes chaque ann\u00e9e, ce qui en fait officiellement la plus grande f\u00eate de France. Nous sommes nombreux \u00e0 \u00eatre fascin\u00e9s par cette c\u00e9l\u00e9bration extraordinaire qui transforme compl\u00e8tement la ville pendant cinq jours cons\u00e9cutifs.<\/p>\n<p>Inspir\u00e9es des Sanfermines de Pampelune, les f\u00eates bayonne ont d\u00e9but\u00e9 officiellement le 13 juillet 1932 et ont \u00e9volu\u00e9 jusqu&rsquo;\u00e0 devenir l&rsquo;\u00e9v\u00e9nement monumental que nous connaissons aujourd&rsquo;hui. La tradition de porter une tenue blanche avec foulard et ceinture rouges reste l&rsquo;un des symboles les plus embl\u00e9matiques de cette feria de Bayonne. D&rsquo;ailleurs, les dates f\u00eates de bayonne 2025 sont particuli\u00e8rement attendues apr\u00e8s le changement exceptionnel de 2024, o\u00f9 les festivit\u00e9s ont \u00e9t\u00e9 avanc\u00e9es \u00e0 mi-juillet en raison des Jeux Olympiques.<\/p>\n<p>Dans cet article, nous explorerons l&rsquo;histoire riche des f\u00eates de Bayonne, depuis leurs origines jusqu&rsquo;aux traditions incontournables comme le lancer des cl\u00e9s ou le personnage embl\u00e9matique du Roi L\u00e9on, cr\u00e9\u00e9 en 1949. Nous aborderons \u00e9galement le programme f\u00eate de bayonne et les aspects pratiques \u00e0 conna\u00eetre pour profiter pleinement de cette c\u00e9l\u00e9bration unique du Sud-Ouest.<\/p>\n<h2>Les origines des F\u00eates de Bayonne<\/h2>\n<p>L&rsquo;origine des f\u00eates de Bayonne remonte \u00e0 une bande de passionn\u00e9s qui ont transform\u00e9 leur admiration pour une tradition voisine en un h\u00e9ritage culturel d\u00e9sormais mondialement reconnu.<\/p>\n<h3>L&rsquo;inspiration des Sanfermines de Pampelune<\/h3>\n<p>C&rsquo;est une histoire d&rsquo;amiti\u00e9 transfrontali\u00e8re qui a donn\u00e9 naissance \u00e0 la plus grande f\u00eate de France.\u00a0Bayonne et Pampelune, deux villes s\u00e9par\u00e9es par seulement 108 kilom\u00e8tres, partagent bien plus qu&rsquo;une proximit\u00e9 g\u00e9ographique.\u00a0Au d\u00e9but des ann\u00e9es 1930, un groupe de joueurs de rugby de l&rsquo;Aviron Bayonnais, habitu\u00e9s des \u00ab\u00a0Sanfermines\u00a0\u00bb de Pampelune, eurent l&rsquo;id\u00e9e audacieuse de cr\u00e9er un \u00e9v\u00e9nement similaire dans leur propre ville.\u00a0Cette inspiration n&rsquo;\u00e9tait pas surprenante, puisque les deux villes sont officiellement jumel\u00e9es depuis plus de cinquante-trois ans et partagent un patrimoine culturel basque commun.<\/p>\n<h3>La premi\u00e8re \u00e9dition de 1932<\/h3>\n<p>Le mercredi 13 juillet 1932, les premi\u00e8res \u00ab\u00a0F\u00eates d&rsquo;\u00e9t\u00e9\u00a0\u00bb de Bayonne (leur nom d&rsquo;origine) furent officiellement inaugur\u00e9es.\u00a0Benjamin Gomez, pr\u00e9sident du Comit\u00e9 des F\u00eates, concr\u00e9tisa cette id\u00e9e avec le soutien du maire Joseph Garat. Le programme initial comprenait :<\/p>\n<ul class=\"list-disc pl-4 mb-2 [&amp;&gt;li]:mt-2\" style=\"--tw-border-spacing-x: 0; --tw-border-spacing-y: 0; --tw-translate-x: 0; --tw-translate-y: 0; --tw-rotate: 0; --tw-skew-x: 0; --tw-skew-y: 0; --tw-scale-x: 1; --tw-scale-y: 1; --tw-scroll-snap-strictness: proximity; --tw-ring-offset-width: 0px; --tw-ring-offset-color: #fff; --tw-ring-color: rgb(59 130 246\/0.5); --tw-ring-offset-shadow: 0 0 #0000; --tw-ring-shadow: 0 0 #0000; --tw-shadow: 0 0 #0000; --tw-shadow-colored: 0 0 #0000; box-sizing: border-box; border: 0px solid #e1ded6; scrollbar-color: auto; scrollbar-width: auto; list-style: disc; margin: 0px 0px 0.5rem 20px; padding: 0px 0px 0px 1rem; white-space: normal; color: #1c2024; font-family: Inter, sans-serif; font-size: medium; font-style: normal; font-variant-ligatures: normal; font-variant-caps: normal; font-weight: 400; letter-spacing: normal; orphans: 2; text-align: start; text-indent: 0px; text-transform: none; widows: 2; word-spacing: 0px; -webkit-text-stroke-width: 0px; background-color: #ffffff; text-decoration-thickness: initial; text-decoration-style: initial; text-decoration-color: initial;\">\n<li>Des aubades, passe-rues et concerts traditionnels<\/li>\n<li>Des parties de pelote basque<\/li>\n<li>Des courses de vaches dans les rues du Petit Bayonne<\/li>\n<li>Un corso de voitures fleuries<\/li>\n<li>La premi\u00e8re sortie des G\u00e9ants, cr\u00e9\u00e9s par Benjamin Gomez<\/li>\n<\/ul>\n<p>Contrairement \u00e0 aujourd&rsquo;hui, les festayres ne portaient pas de tenue blanche et rouge.\u00a0La mode de l&rsquo;\u00e9poque privil\u00e9giait le bleu et blanc, puis le vert et blanc.\u00a0D&rsquo;ailleurs, malgr\u00e9 une m\u00e9t\u00e9o capricieuse pour cette premi\u00e8re \u00e9dition,\u00a0<em>Le Courrier de Bayonne<\/em>\u00a0rapportait une affluence extraordinaire : \u00ab\u00a0Une foule \u00e9norme que l&rsquo;on ne saurait \u00e9valuer\u00a0\u00bb.<\/p>\n<h3>L&rsquo;\u00e9volution jusqu&rsquo;\u00e0 aujourd&rsquo;hui<\/h3>\n<p>Au fil des d\u00e9cennies, les f\u00eates de Bayonne n&rsquo;ont connu que deux interruptions majeures : pendant la Seconde Guerre mondiale (1940-1945) et lors de la pand\u00e9mie de Covid-19 en 2020.\u00a0Plusieurs traditions ont \u00e9volu\u00e9, notamment le code vestimentaire qui, dans les ann\u00e9es 1970, a vu le bleu des tenues ouvri\u00e8res c\u00e9der la place au blanc avec foulard et ceinture rouges, s&rsquo;alignant ainsi sur les couleurs de Pampelune.<\/p>\n<p>En 1947, la tradition du lancer des cl\u00e9s depuis le balcon de l&rsquo;h\u00f4tel de ville fut instaur\u00e9e par le maire Maurice Delay, symbolisant l&rsquo;ouverture des trois grands quartiers de Bayonne. Depuis, de nombreuses c\u00e9l\u00e9brit\u00e9s et sportifs ont eu l&rsquo;honneur de participer \u00e0 ce rituel embl\u00e9matique.<\/p>\n<p>Aujourd&rsquo;hui, les f\u00eates de Bayonne attirent plus d&rsquo;un million de visiteurs sur cinq jours, et sont inscrites \u00e0 l&rsquo;inventaire du patrimoine culturel immat\u00e9riel de l&rsquo;UNESCO. Contrairement \u00e0 d&rsquo;autres rassemblements festifs du sud de la France qui se nomment \u00ab\u00a0ferias\u00a0\u00bb, Bayonne a conserv\u00e9 son appellation originale de \u00ab\u00a0F\u00eates\u00a0\u00bb, c\u00e9l\u00e9brant les traditions basques et gasconnes \u00e0 travers jeux, danses, musiques et chants.<\/p>\n<h2>Les symboles et traditions incontournables<\/h2>\n<p>Au c\u0153ur des f\u00eates de Bayonne se trouvent des traditions symboliques qui fa\u00e7onnent l&rsquo;identit\u00e9 de cet \u00e9v\u00e9nement unique. Ces rituels, transmis de g\u00e9n\u00e9ration en g\u00e9n\u00e9ration, cr\u00e9ent l&rsquo;atmosph\u00e8re si particuli\u00e8re de cette feria du Sud-Ouest.<\/p>\n<h3>Le lancer des cl\u00e9s et les trois quartiers<\/h3>\n<p>C&rsquo;est en 1947 que le maire Maurice Delay instaure la tradition embl\u00e9matique du lancer des cl\u00e9s depuis le balcon de l&rsquo;h\u00f4tel de ville. Ces trois cl\u00e9s, autrefois en bois et d\u00e9sormais en polystyr\u00e8ne aux couleurs basques (rouge, vert et blanc), symbolisent les trois grands quartiers de Bayonne : le Grand Bayonne, Saint-Esprit et le Petit Bayonne. Chaque mercredi \u00e0 17h, une mar\u00e9e humaine se rassemble sur la place pour attendre les 10 coups de carillon marquant l&rsquo;ouverture des f\u00eates. Ce moment solennel est partag\u00e9 avec une personnalit\u00e9 invit\u00e9e diff\u00e9rente chaque ann\u00e9e &#8211; de Luis Mariano \u00e0 Johnny Hallyday, en passant par Yannick Noah et Anne-Sophie Lapix. D\u00e8s que les cl\u00e9s sont lanc\u00e9es, les festayres peuvent enfin nouer leur foulard rouge, geste symbolique marquant leur entr\u00e9e officielle dans les festivit\u00e9s.<\/p>\n<h3>La tenue blanche et rouge : histoire et signification<\/h3>\n<p>La tenue officielle des f\u00eates de Bayonne a connu une \u00e9volution notable. Contrairement aux id\u00e9es re\u00e7ues, le blanc et rouge n&rsquo;ont pas toujours \u00e9t\u00e9 les couleurs embl\u00e9matiques. Lors des premi\u00e8res \u00e9ditions de 1932, les festayres portaient du bleu (issu du bleu de travail des ouvriers) et du blanc. Ce n&rsquo;est que dans les ann\u00e9es 1980 que s&rsquo;impose d\u00e9finitivement la tenue blanche avec foulard et ceinture rouges, directement inspir\u00e9e des Sanfermines de Pampelune. Cependant, quelques purists continuent de porter le bleu et blanc d&rsquo;origine, couleurs qui rappellent \u00e9galement celles de l&rsquo;Aviron Bayonnais. Aujourd&rsquo;hui, enfiler sa tenue blanche et nouer son foulard rouge sont devenus les gestes rituels quotidiens de milliers de festayres qui vivent avec passion ces cinq jours de f\u00eate.<\/p>\n<h3>Les G\u00e9ants et la musique traditionnelle<\/h3>\n<p>Suite au succ\u00e8s du Roi L\u00e9on cr\u00e9\u00e9 en 1987, une v\u00e9ritable cour royale de G\u00e9ants voit le jour d\u00e8s 1988. Port\u00e9s \u00e0 dos d&rsquo;hommes par les membres de l&rsquo;association Tipi Tapa, ces personnages embl\u00e9matiques d\u00e9filent chaque matin \u00e0 10h dans les rues de Bayonne avant d&rsquo;assister au r\u00e9veil du roi \u00e0 midi. La cour compl\u00e8te comprend :<\/p>\n<ul class=\"list-disc pl-4 mb-2 [&amp;&gt;li]:mt-2\" style=\"--tw-border-spacing-x: 0; --tw-border-spacing-y: 0; --tw-translate-x: 0; --tw-translate-y: 0; --tw-rotate: 0; --tw-skew-x: 0; --tw-skew-y: 0; --tw-scale-x: 1; --tw-scale-y: 1; --tw-scroll-snap-strictness: proximity; --tw-ring-offset-width: 0px; --tw-ring-offset-color: #fff; --tw-ring-color: rgb(59 130 246\/0.5); --tw-ring-offset-shadow: 0 0 #0000; --tw-ring-shadow: 0 0 #0000; --tw-shadow: 0 0 #0000; --tw-shadow-colored: 0 0 #0000; box-sizing: border-box; border: 0px solid #e1ded6; scrollbar-color: auto; scrollbar-width: auto; list-style: disc; margin: 0px 0px 0.5rem 20px; padding: 0px 0px 0px 1rem; white-space: normal; color: #1c2024; font-family: Inter, sans-serif; font-size: medium; font-style: normal; font-variant-ligatures: normal; font-variant-caps: normal; font-weight: 400; letter-spacing: normal; orphans: 2; text-align: start; text-indent: 0px; text-transform: none; widows: 2; word-spacing: 0px; -webkit-text-stroke-width: 0px; background-color: #ffffff; text-decoration-thickness: initial; text-decoration-style: initial; text-decoration-color: initial;\">\n<li>La favorite, \u00e9ternelle amoureuse<\/li>\n<li>Le m\u00e9decin, garant de la sant\u00e9 du roi<\/li>\n<li>La gouvernante au caract\u00e8re bien tremp\u00e9<\/li>\n<li>Le chocolatier, r\u00e9f\u00e9rence \u00e0 la tradition gastronomique bayonnaise<\/li>\n<li>Le mar\u00e9chal, homme d&rsquo;ordre<\/li>\n<li>Le fou, symbole de l&rsquo;esprit festif<\/li>\n<\/ul>\n<p>Par ailleurs, la musique vivante occupe une place centrale dans les f\u00eates de Bayonne. Du matin au soir, bandas, groupes d&rsquo;animations traditionnelles et chorales se succ\u00e8dent dans les rues et sur les places, cr\u00e9ant cette ambiance sonore si caract\u00e9ristique des traditions basques et gasconnes.<\/p>\n<h2>Le Roi L\u00e9on : figure centrale des festivit\u00e9s<\/h2>\n<p>Parmi les symboles des f\u00eates de Bayonne, la figure du Roi L\u00e9on rayonne particuli\u00e8rement, incarnant l&rsquo;esprit festif et populaire de cette c\u00e9l\u00e9bration annuelle.<\/p>\n<h3>Naissance du personnage en 1949<\/h3>\n<p>Loin d&rsquo;\u00eatre une simple cr\u00e9ation folklorique, L\u00e9on a r\u00e9ellement exist\u00e9. N\u00e9 le 8 mars 1895, Rapha\u00ebl Dachary, dit \u00ab\u00a0L\u00e9on\u00a0\u00bb, \u00e9tait un simple commis vendeur chez Velten, au caract\u00e8re jovial rappelant Bourvil.\u00a0Un soir de f\u00eate, les \u00ab\u00a0Batsarous\u00a0\u00bb (groupe festif local) l&rsquo;ont couronn\u00e9 \u00ab\u00a0roi de Bayonne, roi des couillons\u00a0\u00bb. Apr\u00e8s une r\u00e9ticence initiale, il participa finalement \u00e0 une \u00e9lection o\u00f9 il triompha parmi 14 candidats.\u00a0Son hymne populaire \u00ab\u00a0\u00d4 L\u00e9on, roi de Bayonne et des couillons\u00a0\u00bb devint rapidement le tube incontournable des festivit\u00e9s. Ce personnage historique haut en couleur portait fi\u00e8rement sa chevali\u00e8re orn\u00e9e d&rsquo;une fleur de lys, symbole de sa nouvelle stature royale.<\/p>\n<h3>La cr\u00e9ation de la mascotte en 1987<\/h3>\n<p>La mascotte actuelle, inspir\u00e9e de L\u00e9on Dacharry, consid\u00e9r\u00e9 comme l&rsquo;un des fondateurs de l&rsquo;\u00e9v\u00e9nement en 1932, fut con\u00e7ue par les membres de l&rsquo;association Or Konpon.\u00a0Le dessinateur bayonnais Jean Duverdier donna vie graphiquement \u00e0 ce \u00ab\u00a0roi des couillons\u00a0\u00bb devenu ic\u00f4ne locale.<\/p>\n<h3>Le r\u00e9veil quotidien du roi<\/h3>\n<p>Chaque ann\u00e9e, le Roi L\u00e9on appara\u00eet sur le balcon de la mairie \u00e0 22h pile le premier jour pour lancer officiellement les f\u00eates.\u00a0Ensuite, quotidiennement \u00e0 midi, se d\u00e9roule le rituel du r\u00e9veil o\u00f9 la foule doit non seulement scander son nom mais \u00e9galement entonner son hymne. Ce moment festif constitue l&rsquo;un des rendez-vous incontournables pour les familles et les enfants pendant les cinq jours de festivit\u00e9s.<\/p>\n<h3>La cour du roi et ses personnages<\/h3>\n<p>D\u00e8s 1987, L\u00e9on s&rsquo;est entour\u00e9 d&rsquo;une v\u00e9ritable cour royale incarn\u00e9e par six g\u00e9ants de quatre m\u00e8tres de haut.\u00a0Port\u00e9s par l&rsquo;association Tipi Tapa, ces personnages d\u00e9filent chaque matin et symbolisent les figures embl\u00e9matiques de Bayonne\u00a0:<\/p>\n<ul class=\"list-disc pl-4 mb-2 [&amp;&gt;li]:mt-2\" style=\"--tw-border-spacing-x: 0; --tw-border-spacing-y: 0; --tw-translate-x: 0; --tw-translate-y: 0; --tw-rotate: 0; --tw-skew-x: 0; --tw-skew-y: 0; --tw-scale-x: 1; --tw-scale-y: 1; --tw-scroll-snap-strictness: proximity; --tw-ring-offset-width: 0px; --tw-ring-offset-color: #fff; --tw-ring-color: rgb(59 130 246\/0.5); --tw-ring-offset-shadow: 0 0 #0000; --tw-ring-shadow: 0 0 #0000; --tw-shadow: 0 0 #0000; --tw-shadow-colored: 0 0 #0000; box-sizing: border-box; border: 0px solid #e1ded6; scrollbar-color: auto; scrollbar-width: auto; list-style: disc; margin: 0px 0px 0.5rem 20px; padding: 0px 0px 0px 1rem; white-space: normal; color: #1c2024; font-family: Inter, sans-serif; font-size: medium; font-style: normal; font-variant-ligatures: normal; font-variant-caps: normal; font-weight: 400; letter-spacing: normal; orphans: 2; text-align: start; text-indent: 0px; text-transform: none; widows: 2; word-spacing: 0px; -webkit-text-stroke-width: 0px; background-color: #ffffff; text-decoration-thickness: initial; text-decoration-style: initial; text-decoration-color: initial;\">\n<li>Le fou du roi (l&rsquo;aspect festif)<\/li>\n<li>Le mar\u00e9chal (l&rsquo;ordre public)<\/li>\n<li>Le chocolatier (tradition gastronomique)<\/li>\n<li>La gouvernante et le m\u00e9decin (bien-\u00eatre)<\/li>\n<li>La favorite (car m\u00eame un roi des couillons m\u00e9rite une compagne)<\/li>\n<\/ul>\n<p>Apr\u00e8s cinq jours de r\u00e8gne joyeux, L\u00e9on \u00ab\u00a0retourne au lit\u00a0\u00bb lors de la cl\u00f4ture des f\u00eates de Bayonne, pour ne r\u00e9appara\u00eetre que l&rsquo;ann\u00e9e suivante.<\/p>\n<h2>Une f\u00eate moderne entre organisation et affluence<\/h2>\n<p>G\u00e9rer un \u00e9v\u00e9nement qui attire plus d&rsquo;un million de visiteurs n\u00e9cessite une organisation m\u00e9ticuleuse. Les f\u00eates de Bayonne sont devenues un mod\u00e8le de gestion d&rsquo;\u00e9v\u00e9nements de grande ampleur, \u00e9quilibrant tradition et exigences modernes.<\/p>\n<h3>Dates des F\u00eates de Bayonne 2025<\/h3>\n<p>Les festivit\u00e9s bayonnaises se d\u00e9rouleront du mercredi 9 au dimanche 13 juillet 2025. Ce calendrier, d\u00e9sormais fix\u00e9 d\u00e9but juillet, s&rsquo;\u00e9carte de la tradition de fin juillet.\u00a0En effet, apr\u00e8s l&rsquo;\u00e9dition 2024 avanc\u00e9e en raison des Jeux Olympiques, la municipalit\u00e9 a d\u00e9cid\u00e9 de maintenir cette p\u00e9riode pour \u00ab\u00a0pacifier et apaiser les F\u00eates\u00a0\u00bb. L&rsquo;objectif est clair : r\u00e9duire l&rsquo;affluence tout en pr\u00e9servant l&rsquo;essence de la feria de bayonne.<\/p>\n<h3>Le bracelet Pass F\u00eates et l&rsquo;acc\u00e8s payant<\/h3>\n<p>Depuis 2018, l&rsquo;acc\u00e8s aux f\u00eates est r\u00e9glement\u00e9 par un syst\u00e8me de bracelet.\u00a0Pour 2025, le \u00ab\u00a0Pass F\u00eates\u00a0\u00bb devrait rester \u00e0 15\u20ac\u00a0et sera obligatoire du vendredi 10h au dimanche minuit. Cependant, certains privil\u00e9gi\u00e9s b\u00e9n\u00e9ficient d&rsquo;une gratuit\u00e9 totale:<\/p>\n<ul class=\"list-disc pl-4 mb-2 [&amp;&gt;li]:mt-2\" style=\"--tw-border-spacing-x: 0; --tw-border-spacing-y: 0; --tw-translate-x: 0; --tw-translate-y: 0; --tw-rotate: 0; --tw-skew-x: 0; --tw-skew-y: 0; --tw-scale-x: 1; --tw-scale-y: 1; --tw-scroll-snap-strictness: proximity; --tw-ring-offset-width: 0px; --tw-ring-offset-color: #fff; --tw-ring-color: rgb(59 130 246\/0.5); --tw-ring-offset-shadow: 0 0 #0000; --tw-ring-shadow: 0 0 #0000; --tw-shadow: 0 0 #0000; --tw-shadow-colored: 0 0 #0000; box-sizing: border-box; border: 0px solid #e1ded6; scrollbar-color: auto; scrollbar-width: auto; list-style: disc; margin: 0px 0px 0.5rem 20px; padding: 0px 0px 0px 1rem; white-space: normal; color: #1c2024; font-family: Inter, sans-serif; font-size: medium; font-style: normal; font-variant-ligatures: normal; font-variant-caps: normal; font-weight: 400; letter-spacing: normal; orphans: 2; text-align: start; text-indent: 0px; text-transform: none; widows: 2; word-spacing: 0px; -webkit-text-stroke-width: 0px; background-color: #ffffff; text-decoration-thickness: initial; text-decoration-style: initial; text-decoration-color: initial;\">\n<li>Les r\u00e9sidents bayonnais (sur pr\u00e9sentation d&rsquo;un justificatif de domicile)<\/li>\n<li>Les professionnels travaillant dans le p\u00e9rim\u00e8tre s\u00e9curis\u00e9<\/li>\n<li>Les jeunes de moins de 16 ans<\/li>\n<\/ul>\n<p>Par ailleurs, les mercredi et jeudi sont gratuits pour tous.\u00a0Cette mesure, initialement contest\u00e9e puis valid\u00e9e par le tribunal administratif en 2020, permet de financer les dispositifs de s\u00e9curit\u00e9 dont le co\u00fbt d\u00e9passe 4,2 millions d&rsquo;euros.<\/p>\n<h3>S\u00e9curit\u00e9 et encadrement des festayres<\/h3>\n<p>Le dispositif de s\u00e9curit\u00e9 mobilise environ 900 personnels, dont 550 forces de l&rsquo;ordre (policiers, CRS, gendarmes).\u00a0Quatre compagnies de CRS (280 policiers) sont d\u00e9ploy\u00e9es, appuy\u00e9es par 115 cam\u00e9ras de vid\u00e9osurveillance.\u00a0Ce syst\u00e8me est compl\u00e9t\u00e9 par environ 300 secouristes, incluant pompiers, m\u00e9decins et b\u00e9n\u00e9voles de la Croix-Rouge.<\/p>\n<h3>Les transports et d\u00e9placements pendant la f\u00eate<\/h3>\n<p>Le r\u00e9seau Txik Txak propose des services sp\u00e9ciaux jour et nuit, ne s&rsquo;interrompant que de 4h \u00e0 5h30 du matin.\u00a0Deux gares routi\u00e8res temporaires sont install\u00e9es: Place des Basques pour les communes proches et Quai de Lesseps pour les villages \u00e9loign\u00e9s.\u00a0Des forfaits sp\u00e9ciaux sont propos\u00e9s: 8\u20ac pour \u00ab\u00a01 jour, 1 nuit\u00a0\u00bb et 20\u20ac pour \u00ab\u00a05 jours, 5 nuits\u00a0\u00bb.\u00a0La circulation automobile \u00e9tant strictement interdite dans le p\u00e9rim\u00e8tre festif, six parkings pour deux-roues sont am\u00e9nag\u00e9s aux entr\u00e9es de la ville, tandis que les stationnements non autoris\u00e9s font l&rsquo;objet d&rsquo;une mise en fourri\u00e8re syst\u00e9matique.<\/p>\n<h2><\/h2>\n<h2>L&rsquo;\u00e2me festive de Bayonne pr\u00e9serv\u00e9e au fil du temps<\/h2>\n<p>Les f\u00eates de Bayonne repr\u00e9sentent bien plus qu&rsquo;un simple \u00e9v\u00e9nement festif. Certainement, elles incarnent l&rsquo;\u00e2me d&rsquo;une r\u00e9gion enti\u00e8re, un patrimoine vivant qui se transmet de g\u00e9n\u00e9ration en g\u00e9n\u00e9ration depuis 1932. Au fil des d\u00e9cennies, nous avons vu cette c\u00e9l\u00e9bration \u00e9voluer tout en pr\u00e9servant ses traditions les plus pr\u00e9cieuses &#8211; du lancer des cl\u00e9s symboliques jusqu&rsquo;au r\u00e9veil quotidien du Roi L\u00e9on.<\/p>\n<p>Malgr\u00e9 les changements apport\u00e9s ces derni\u00e8res ann\u00e9es, notamment le d\u00e9placement des dates traditionnelles et l&rsquo;introduction du Pass F\u00eates, l&rsquo;essence m\u00eame de cette feria demeure intacte. Effectivement, le million de visiteurs qui envahit chaque ann\u00e9e les rues de Bayonne t\u00e9moigne de cette magie inalt\u00e9rable qui op\u00e8re pendant ces cinq jours de liesse collective.<\/p>\n<p>Pour les futurs participants aux f\u00eates de 2025, la pr\u00e9paration constitue un \u00e9l\u00e9ment cl\u00e9 de r\u00e9ussite. <a href=\"https:\/\/www.fasthotel.com\/aquitaine\/hotel-biarritz?utm_source=Blog&amp;utm_medium=BlogBayonne&amp;utm_campaign=BlogBayonne\">R\u00e9servez votre h\u00f4tel pas cher<\/a> pour les f\u00eates de Bayonne suffisamment \u00e0 l&rsquo;avance afin de profiter pleinement de l&rsquo;exp\u00e9rience. Parall\u00e8lement, familiarisez-vous avec les dispositifs de transport sp\u00e9ciaux et les r\u00e8gles d&rsquo;acc\u00e8s qui structurent d\u00e9sormais cet \u00e9v\u00e9nement d&rsquo;envergure.<\/p>\n<p>Finalement, qu&rsquo;importe si vous \u00eates un festayre aguerri ou un novice curieux de d\u00e9couvrir cette tradition, les f\u00eates de Bayonne vous offriront une immersion totale dans la culture basque et gasconne. Entre bandas entra\u00eenantes, g\u00e9ants majestueux et ambiance incomparable, ces festivit\u00e9s constituent sans aucun doute l&rsquo;une des exp\u00e9riences culturelles les plus authentiques du Sud-Ouest fran\u00e7ais. Apr\u00e8s tout, peu d&rsquo;\u00e9v\u00e9nements peuvent se vanter d&rsquo;avoir pr\u00e9serv\u00e9 leur authenticit\u00e9 tout en accueillant plus d&rsquo;un million de visiteurs chaque ann\u00e9e.<\/p>\n<p><strong>Liens utiles :\u00a0<\/strong><\/p>\n<ul>\n<li>Office de Tourisme de Bayonne : <a href=\"https:\/\/www.visitbayonne.com\/\" target=\"_blank\" rel=\"noopener\">www.visitbayonne.com<\/a><\/li>\n<li>Site Officiel des f\u00eates de Bayonne : <a href=\"https:\/\/fetes.bayonne.fr\/\" target=\"_blank\" rel=\"noopener\">https:\/\/fetes.bayonne.fr\/<\/a><\/li>\n<\/ul>\n<p>&nbsp;<\/p>\n<h2>FAQs<\/h2>\n<p><strong>Q1. Combien de personnes participent aux F\u00eates de Bayonne chaque ann\u00e9e ?<\/strong>\u00a0Les F\u00eates de Bayonne attirent g\u00e9n\u00e9ralement plus d&rsquo;un million de visiteurs sur cinq jours, ce qui en fait l&rsquo;un des plus grands rassemblements festifs de France.<\/p>\n<p><strong>Q2. Quelles sont les traditions embl\u00e9matiques des F\u00eates de Bayonne ?<\/strong>\u00a0Parmi les traditions incontournables, on trouve le lancer des cl\u00e9s depuis le balcon de la mairie, le port de la tenue blanche avec foulard et ceinture rouges, ainsi que le r\u00e9veil quotidien du Roi L\u00e9on, personnage embl\u00e9matique des festivit\u00e9s.<\/p>\n<p><strong>Q3. Pourquoi porte-t-on du blanc et du rouge pendant les F\u00eates de Bayonne ?<\/strong>\u00a0La tenue blanche avec foulard et ceinture rouges s&rsquo;est impos\u00e9e dans les ann\u00e9es 1980, s&rsquo;inspirant des Sanfermines de Pampelune. Auparavant, les couleurs traditionnelles \u00e9taient le bleu et le blanc.<\/p>\n<p><strong>Q4. Comment acc\u00e9der aux F\u00eates de Bayonne ?<\/strong>\u00a0Depuis 2018, un \u00ab\u00a0Pass F\u00eates\u00a0\u00bb payant est obligatoire du vendredi au dimanche. Cependant, l&rsquo;acc\u00e8s est gratuit pour les r\u00e9sidents bayonnais, les professionnels travaillant dans le p\u00e9rim\u00e8tre s\u00e9curis\u00e9 et les jeunes de moins de 16 ans.<\/p>\n<p><strong>Q5. Quelles mesures de s\u00e9curit\u00e9 sont mises en place pendant les F\u00eates ?<\/strong>\u00a0Un important dispositif de s\u00e9curit\u00e9 est d\u00e9ploy\u00e9, comprenant environ 900 personnels dont des forces de l&rsquo;ordre, des secouristes, et un syst\u00e8me de vid\u00e9osurveillance. Des services de transport sp\u00e9ciaux sont \u00e9galement mis en place pour faciliter les d\u00e9placements en toute s\u00e9curit\u00e9.<\/p>\n","protected":false},"excerpt":{"rendered":"Les f\u00eates de Bayonne attirent plus de 1,3 million de personnes chaque ann\u00e9e, ce qui en fait officiellement&hellip;","protected":false},"author":1,"featured_media":3241,"comment_status":"closed","ping_status":"closed","sticky":false,"template":"","format":"standard","meta":{"_ayudawp_aiss_exclude":false,"csco_display_header_overlay":false,"csco_singular_sidebar":"","csco_page_header_type":"","csco_page_load_nextpost":"","csco_post_video_location":[],"csco_post_video_location_hash":"","csco_post_video_url":"","csco_post_video_bg_start_time":0,"csco_post_video_bg_end_time":0,"footnotes":""},"categories":[4],"tags":[],"class_list":{"0":"post-3238","1":"post","2":"type-post","3":"status-publish","4":"format-standard","5":"has-post-thumbnail","7":"category-evenements","8":"cs-entry","9":"cs-video-wrap"},"yoast_head":"<!-- This site is optimized with the Yoast SEO plugin v26.9 - https:\/\/yoast.com\/product\/yoast-seo-wordpress\/ -->\n<title>F\u00eates de Bayonne : L&#039;Art de Vivre la Plus Grande F\u00eate du Sud-Ouest<\/title>\n<meta name=\"robots\" content=\"index, follow, max-snippet:-1, max-image-preview:large, max-video-preview:-1\" \/>\n<link rel=\"canonical\" href=\"https:\/\/www.fasthotel.com\/blog\/evenements\/fetes-de-bayonne-lart-de-vivre-la-plus-grande-fete-du-sud-ouest\/\" \/>\n<meta property=\"og:locale\" content=\"fr_FR\" \/>\n<meta property=\"og:type\" content=\"article\" \/>\n<meta property=\"og:title\" content=\"F\u00eates de Bayonne : L&#039;Art de Vivre la Plus Grande F\u00eate du Sud-Ouest\" \/>\n<meta property=\"og:description\" content=\"Les f\u00eates de Bayonne attirent plus de 1,3 million de personnes chaque ann\u00e9e, ce qui en fait officiellement&hellip;\" \/>\n<meta property=\"og:url\" content=\"https:\/\/www.fasthotel.com\/blog\/evenements\/fetes-de-bayonne-lart-de-vivre-la-plus-grande-fete-du-sud-ouest\/\" \/>\n<meta property=\"og:site_name\" content=\"Blog Fasthotel\" \/>\n<meta property=\"article:published_time\" content=\"2025-05-19T09:30:18+00:00\" \/>\n<meta property=\"article:modified_time\" content=\"2025-05-19T11:38:59+00:00\" \/>\n<meta property=\"og:image\" content=\"https:\/\/www.fasthotel.com\/blog\/wp-content\/uploads\/2025\/05\/AdobeStock_562758578-scaled.jpeg\" \/>\n\t<meta property=\"og:image:width\" content=\"2560\" \/>\n\t<meta property=\"og:image:height\" content=\"1707\" \/>\n\t<meta property=\"og:image:type\" content=\"image\/jpeg\" \/>\n<meta name=\"author\" content=\"Fasthotel\" \/>\n<meta name=\"twitter:card\" content=\"summary_large_image\" \/>\n<meta name=\"twitter:label1\" content=\"Written by\" \/>\n\t<meta name=\"twitter:data1\" content=\"Fasthotel\" \/>\n\t<meta name=\"twitter:label2\" content=\"Est. reading time\" \/>\n\t<meta name=\"twitter:data2\" content=\"14 minutes\" \/>\n<script type=\"application\/ld+json\" class=\"yoast-schema-graph\">{\"@context\":\"https:\/\/schema.org\",\"@graph\":[{\"@type\":\"Article\",\"@id\":\"https:\/\/www.fasthotel.com\/blog\/evenements\/fetes-de-bayonne-lart-de-vivre-la-plus-grande-fete-du-sud-ouest\/#article\",\"isPartOf\":{\"@id\":\"https:\/\/www.fasthotel.com\/blog\/evenements\/fetes-de-bayonne-lart-de-vivre-la-plus-grande-fete-du-sud-ouest\/\"},\"author\":{\"name\":\"Fasthotel\",\"@id\":\"https:\/\/www.fasthotel.com\/blog\/#\/schema\/person\/4253acb3f9a578fae003deed571dd0aa\"},\"headline\":\"F\u00eates de Bayonne : L&rsquo;Art de Vivre, la Plus Grande F\u00eate du Sud-Ouest\",\"datePublished\":\"2025-05-19T09:30:18+00:00\",\"dateModified\":\"2025-05-19T11:38:59+00:00\",\"mainEntityOfPage\":{\"@id\":\"https:\/\/www.fasthotel.com\/blog\/evenements\/fetes-de-bayonne-lart-de-vivre-la-plus-grande-fete-du-sud-ouest\/\"},\"wordCount\":2651,\"publisher\":{\"@id\":\"https:\/\/www.fasthotel.com\/blog\/#organization\"},\"image\":{\"@id\":\"https:\/\/www.fasthotel.com\/blog\/evenements\/fetes-de-bayonne-lart-de-vivre-la-plus-grande-fete-du-sud-ouest\/#primaryimage\"},\"thumbnailUrl\":\"https:\/\/www.fasthotel.com\/blog\/wp-content\/uploads\/2025\/05\/AdobeStock_562758578-scaled.jpeg\",\"articleSection\":[\"Ev\u00e9nements &amp; sorties\"],\"inLanguage\":\"fr-FR\"},{\"@type\":\"WebPage\",\"@id\":\"https:\/\/www.fasthotel.com\/blog\/evenements\/fetes-de-bayonne-lart-de-vivre-la-plus-grande-fete-du-sud-ouest\/\",\"url\":\"https:\/\/www.fasthotel.com\/blog\/evenements\/fetes-de-bayonne-lart-de-vivre-la-plus-grande-fete-du-sud-ouest\/\",\"name\":\"F\u00eates de Bayonne : L'Art de Vivre la Plus Grande F\u00eate du Sud-Ouest\",\"isPartOf\":{\"@id\":\"https:\/\/www.fasthotel.com\/blog\/#website\"},\"primaryImageOfPage\":{\"@id\":\"https:\/\/www.fasthotel.com\/blog\/evenements\/fetes-de-bayonne-lart-de-vivre-la-plus-grande-fete-du-sud-ouest\/#primaryimage\"},\"image\":{\"@id\":\"https:\/\/www.fasthotel.com\/blog\/evenements\/fetes-de-bayonne-lart-de-vivre-la-plus-grande-fete-du-sud-ouest\/#primaryimage\"},\"thumbnailUrl\":\"https:\/\/www.fasthotel.com\/blog\/wp-content\/uploads\/2025\/05\/AdobeStock_562758578-scaled.jpeg\",\"datePublished\":\"2025-05-19T09:30:18+00:00\",\"dateModified\":\"2025-05-19T11:38:59+00:00\",\"breadcrumb\":{\"@id\":\"https:\/\/www.fasthotel.com\/blog\/evenements\/fetes-de-bayonne-lart-de-vivre-la-plus-grande-fete-du-sud-ouest\/#breadcrumb\"},\"inLanguage\":\"fr-FR\",\"potentialAction\":[{\"@type\":\"ReadAction\",\"target\":[\"https:\/\/www.fasthotel.com\/blog\/evenements\/fetes-de-bayonne-lart-de-vivre-la-plus-grande-fete-du-sud-ouest\/\"]}]},{\"@type\":\"ImageObject\",\"inLanguage\":\"fr-FR\",\"@id\":\"https:\/\/www.fasthotel.com\/blog\/evenements\/fetes-de-bayonne-lart-de-vivre-la-plus-grande-fete-du-sud-ouest\/#primaryimage\",\"url\":\"https:\/\/www.fasthotel.com\/blog\/wp-content\/uploads\/2025\/05\/AdobeStock_562758578-scaled.jpeg\",\"contentUrl\":\"https:\/\/www.fasthotel.com\/blog\/wp-content\/uploads\/2025\/05\/AdobeStock_562758578-scaled.jpeg\",\"width\":2560,\"height\":1707,\"caption\":\"F\u00eates de Bayonne\"},{\"@type\":\"BreadcrumbList\",\"@id\":\"https:\/\/www.fasthotel.com\/blog\/evenements\/fetes-de-bayonne-lart-de-vivre-la-plus-grande-fete-du-sud-ouest\/#breadcrumb\",\"itemListElement\":[{\"@type\":\"ListItem\",\"position\":1,\"name\":\"Home\",\"item\":\"https:\/\/www.fasthotel.com\/blog\/\"},{\"@type\":\"ListItem\",\"position\":2,\"name\":\"F\u00eates de Bayonne : L&rsquo;Art de Vivre, la Plus Grande F\u00eate du Sud-Ouest\"}]},{\"@type\":\"WebSite\",\"@id\":\"https:\/\/www.fasthotel.com\/blog\/#website\",\"url\":\"https:\/\/www.fasthotel.com\/blog\/\",\"name\":\"Blog Fasthotel\",\"description\":\"H\u00f4tels \u00e9conomiques en France\",\"publisher\":{\"@id\":\"https:\/\/www.fasthotel.com\/blog\/#organization\"},\"potentialAction\":[{\"@type\":\"SearchAction\",\"target\":{\"@type\":\"EntryPoint\",\"urlTemplate\":\"https:\/\/www.fasthotel.com\/blog\/?s={search_term_string}\"},\"query-input\":{\"@type\":\"PropertyValueSpecification\",\"valueRequired\":true,\"valueName\":\"search_term_string\"}}],\"inLanguage\":\"fr-FR\"},{\"@type\":\"Organization\",\"@id\":\"https:\/\/www.fasthotel.com\/blog\/#organization\",\"name\":\"Blog Fasthotel\",\"url\":\"https:\/\/www.fasthotel.com\/blog\/\",\"logo\":{\"@type\":\"ImageObject\",\"inLanguage\":\"fr-FR\",\"@id\":\"https:\/\/www.fasthotel.com\/blog\/#\/schema\/logo\/image\/\",\"url\":\"https:\/\/www.fasthotel.com\/blog\/wp-content\/uploads\/2025\/05\/logo-fasthotel.png\",\"contentUrl\":\"https:\/\/www.fasthotel.com\/blog\/wp-content\/uploads\/2025\/05\/logo-fasthotel.png\",\"width\":250,\"height\":251,\"caption\":\"Blog Fasthotel\"},\"image\":{\"@id\":\"https:\/\/www.fasthotel.com\/blog\/#\/schema\/logo\/image\/\"}},{\"@type\":\"Person\",\"@id\":\"https:\/\/www.fasthotel.com\/blog\/#\/schema\/person\/4253acb3f9a578fae003deed571dd0aa\",\"name\":\"Fasthotel\",\"image\":{\"@type\":\"ImageObject\",\"inLanguage\":\"fr-FR\",\"@id\":\"https:\/\/www.fasthotel.com\/blog\/#\/schema\/person\/image\/\",\"url\":\"https:\/\/secure.gravatar.com\/avatar\/e7b621d7774cd0d222d4c5268570217a1a4bebcb44788c4f1967a726c67b4566?s=96&d=mm&r=g\",\"contentUrl\":\"https:\/\/secure.gravatar.com\/avatar\/e7b621d7774cd0d222d4c5268570217a1a4bebcb44788c4f1967a726c67b4566?s=96&d=mm&r=g\",\"caption\":\"Fasthotel\"},\"sameAs\":[\"https:\/\/www.fasthotel.com\/blog\"],\"url\":\"https:\/\/www.fasthotel.com\/blog\/author\/oman\/\"}]}<\/script>\n<!-- \/ Yoast SEO plugin. -->","yoast_head_json":{"title":"F\u00eates de Bayonne : L'Art de Vivre la Plus Grande F\u00eate du Sud-Ouest","robots":{"index":"index","follow":"follow","max-snippet":"max-snippet:-1","max-image-preview":"max-image-preview:large","max-video-preview":"max-video-preview:-1"},"canonical":"https:\/\/www.fasthotel.com\/blog\/evenements\/fetes-de-bayonne-lart-de-vivre-la-plus-grande-fete-du-sud-ouest\/","og_locale":"fr_FR","og_type":"article","og_title":"F\u00eates de Bayonne : L'Art de Vivre la Plus Grande F\u00eate du Sud-Ouest","og_description":"Les f\u00eates de Bayonne attirent plus de 1,3 million de personnes chaque ann\u00e9e, ce qui en fait officiellement&hellip;","og_url":"https:\/\/www.fasthotel.com\/blog\/evenements\/fetes-de-bayonne-lart-de-vivre-la-plus-grande-fete-du-sud-ouest\/","og_site_name":"Blog Fasthotel","article_published_time":"2025-05-19T09:30:18+00:00","article_modified_time":"2025-05-19T11:38:59+00:00","og_image":[{"width":2560,"height":1707,"url":"https:\/\/www.fasthotel.com\/blog\/wp-content\/uploads\/2025\/05\/AdobeStock_562758578-scaled.jpeg","type":"image\/jpeg"}],"author":"Fasthotel","twitter_card":"summary_large_image","twitter_misc":{"Written by":"Fasthotel","Est. reading time":"14 minutes"},"schema":{"@context":"https:\/\/schema.org","@graph":[{"@type":"Article","@id":"https:\/\/www.fasthotel.com\/blog\/evenements\/fetes-de-bayonne-lart-de-vivre-la-plus-grande-fete-du-sud-ouest\/#article","isPartOf":{"@id":"https:\/\/www.fasthotel.com\/blog\/evenements\/fetes-de-bayonne-lart-de-vivre-la-plus-grande-fete-du-sud-ouest\/"},"author":{"name":"Fasthotel","@id":"https:\/\/www.fasthotel.com\/blog\/#\/schema\/person\/4253acb3f9a578fae003deed571dd0aa"},"headline":"F\u00eates de Bayonne : L&rsquo;Art de Vivre, la Plus Grande F\u00eate du Sud-Ouest","datePublished":"2025-05-19T09:30:18+00:00","dateModified":"2025-05-19T11:38:59+00:00","mainEntityOfPage":{"@id":"https:\/\/www.fasthotel.com\/blog\/evenements\/fetes-de-bayonne-lart-de-vivre-la-plus-grande-fete-du-sud-ouest\/"},"wordCount":2651,"publisher":{"@id":"https:\/\/www.fasthotel.com\/blog\/#organization"},"image":{"@id":"https:\/\/www.fasthotel.com\/blog\/evenements\/fetes-de-bayonne-lart-de-vivre-la-plus-grande-fete-du-sud-ouest\/#primaryimage"},"thumbnailUrl":"https:\/\/www.fasthotel.com\/blog\/wp-content\/uploads\/2025\/05\/AdobeStock_562758578-scaled.jpeg","articleSection":["Ev\u00e9nements &amp; sorties"],"inLanguage":"fr-FR"},{"@type":"WebPage","@id":"https:\/\/www.fasthotel.com\/blog\/evenements\/fetes-de-bayonne-lart-de-vivre-la-plus-grande-fete-du-sud-ouest\/","url":"https:\/\/www.fasthotel.com\/blog\/evenements\/fetes-de-bayonne-lart-de-vivre-la-plus-grande-fete-du-sud-ouest\/","name":"F\u00eates de Bayonne : L'Art de Vivre la Plus Grande F\u00eate du Sud-Ouest","isPartOf":{"@id":"https:\/\/www.fasthotel.com\/blog\/#website"},"primaryImageOfPage":{"@id":"https:\/\/www.fasthotel.com\/blog\/evenements\/fetes-de-bayonne-lart-de-vivre-la-plus-grande-fete-du-sud-ouest\/#primaryimage"},"image":{"@id":"https:\/\/www.fasthotel.com\/blog\/evenements\/fetes-de-bayonne-lart-de-vivre-la-plus-grande-fete-du-sud-ouest\/#primaryimage"},"thumbnailUrl":"https:\/\/www.fasthotel.com\/blog\/wp-content\/uploads\/2025\/05\/AdobeStock_562758578-scaled.jpeg","datePublished":"2025-05-19T09:30:18+00:00","dateModified":"2025-05-19T11:38:59+00:00","breadcrumb":{"@id":"https:\/\/www.fasthotel.com\/blog\/evenements\/fetes-de-bayonne-lart-de-vivre-la-plus-grande-fete-du-sud-ouest\/#breadcrumb"},"inLanguage":"fr-FR","potentialAction":[{"@type":"ReadAction","target":["https:\/\/www.fasthotel.com\/blog\/evenements\/fetes-de-bayonne-lart-de-vivre-la-plus-grande-fete-du-sud-ouest\/"]}]},{"@type":"ImageObject","inLanguage":"fr-FR","@id":"https:\/\/www.fasthotel.com\/blog\/evenements\/fetes-de-bayonne-lart-de-vivre-la-plus-grande-fete-du-sud-ouest\/#primaryimage","url":"https:\/\/www.fasthotel.com\/blog\/wp-content\/uploads\/2025\/05\/AdobeStock_562758578-scaled.jpeg","contentUrl":"https:\/\/www.fasthotel.com\/blog\/wp-content\/uploads\/2025\/05\/AdobeStock_562758578-scaled.jpeg","width":2560,"height":1707,"caption":"F\u00eates de Bayonne"},{"@type":"BreadcrumbList","@id":"https:\/\/www.fasthotel.com\/blog\/evenements\/fetes-de-bayonne-lart-de-vivre-la-plus-grande-fete-du-sud-ouest\/#breadcrumb","itemListElement":[{"@type":"ListItem","position":1,"name":"Home","item":"https:\/\/www.fasthotel.com\/blog\/"},{"@type":"ListItem","position":2,"name":"F\u00eates de Bayonne : L&rsquo;Art de Vivre, la Plus Grande F\u00eate du Sud-Ouest"}]},{"@type":"WebSite","@id":"https:\/\/www.fasthotel.com\/blog\/#website","url":"https:\/\/www.fasthotel.com\/blog\/","name":"Blog Fasthotel","description":"H\u00f4tels \u00e9conomiques en France","publisher":{"@id":"https:\/\/www.fasthotel.com\/blog\/#organization"},"potentialAction":[{"@type":"SearchAction","target":{"@type":"EntryPoint","urlTemplate":"https:\/\/www.fasthotel.com\/blog\/?s={search_term_string}"},"query-input":{"@type":"PropertyValueSpecification","valueRequired":true,"valueName":"search_term_string"}}],"inLanguage":"fr-FR"},{"@type":"Organization","@id":"https:\/\/www.fasthotel.com\/blog\/#organization","name":"Blog Fasthotel","url":"https:\/\/www.fasthotel.com\/blog\/","logo":{"@type":"ImageObject","inLanguage":"fr-FR","@id":"https:\/\/www.fasthotel.com\/blog\/#\/schema\/logo\/image\/","url":"https:\/\/www.fasthotel.com\/blog\/wp-content\/uploads\/2025\/05\/logo-fasthotel.png","contentUrl":"https:\/\/www.fasthotel.com\/blog\/wp-content\/uploads\/2025\/05\/logo-fasthotel.png","width":250,"height":251,"caption":"Blog Fasthotel"},"image":{"@id":"https:\/\/www.fasthotel.com\/blog\/#\/schema\/logo\/image\/"}},{"@type":"Person","@id":"https:\/\/www.fasthotel.com\/blog\/#\/schema\/person\/4253acb3f9a578fae003deed571dd0aa","name":"Fasthotel","image":{"@type":"ImageObject","inLanguage":"fr-FR","@id":"https:\/\/www.fasthotel.com\/blog\/#\/schema\/person\/image\/","url":"https:\/\/secure.gravatar.com\/avatar\/e7b621d7774cd0d222d4c5268570217a1a4bebcb44788c4f1967a726c67b4566?s=96&d=mm&r=g","contentUrl":"https:\/\/secure.gravatar.com\/avatar\/e7b621d7774cd0d222d4c5268570217a1a4bebcb44788c4f1967a726c67b4566?s=96&d=mm&r=g","caption":"Fasthotel"},"sameAs":["https:\/\/www.fasthotel.com\/blog"],"url":"https:\/\/www.fasthotel.com\/blog\/author\/oman\/"}]}},"_links":{"self":[{"href":"https:\/\/www.fasthotel.com\/blog\/wp-json\/wp\/v2\/posts\/3238","targetHints":{"allow":["GET"]}}],"collection":[{"href":"https:\/\/www.fasthotel.com\/blog\/wp-json\/wp\/v2\/posts"}],"about":[{"href":"https:\/\/www.fasthotel.com\/blog\/wp-json\/wp\/v2\/types\/post"}],"author":[{"embeddable":true,"href":"https:\/\/www.fasthotel.com\/blog\/wp-json\/wp\/v2\/users\/1"}],"replies":[{"embeddable":true,"href":"https:\/\/www.fasthotel.com\/blog\/wp-json\/wp\/v2\/comments?post=3238"}],"version-history":[{"count":9,"href":"https:\/\/www.fasthotel.com\/blog\/wp-json\/wp\/v2\/posts\/3238\/revisions"}],"predecessor-version":[{"id":3346,"href":"https:\/\/www.fasthotel.com\/blog\/wp-json\/wp\/v2\/posts\/3238\/revisions\/3346"}],"wp:featuredmedia":[{"embeddable":true,"href":"https:\/\/www.fasthotel.com\/blog\/wp-json\/wp\/v2\/media\/3241"}],"wp:attachment":[{"href":"https:\/\/www.fasthotel.com\/blog\/wp-json\/wp\/v2\/media?parent=3238"}],"wp:term":[{"taxonomy":"category","embeddable":true,"href":"https:\/\/www.fasthotel.com\/blog\/wp-json\/wp\/v2\/categories?post=3238"},{"taxonomy":"post_tag","embeddable":true,"href":"https:\/\/www.fasthotel.com\/blog\/wp-json\/wp\/v2\/tags?post=3238"}],"curies":[{"name":"wp","href":"https:\/\/api.w.org\/{rel}","templated":true}]}}