{"id":3781,"date":"2025-06-10T14:06:19","date_gmt":"2025-06-10T12:06:19","guid":{"rendered":"https:\/\/www.fasthotel.com\/blog\/?p=3781"},"modified":"2025-06-10T15:23:43","modified_gmt":"2025-06-10T13:23:43","slug":"la-tielle-setoise-lame-mediterraneenne-dans-une-tourte-epicee","status":"publish","type":"post","link":"https:\/\/www.fasthotel.com\/blog\/gastronomie\/la-tielle-setoise-lame-mediterraneenne-dans-une-tourte-epicee\/","title":{"rendered":"La Tielle S\u00e9toise : L\u2019\u00e2me m\u00e9diterran\u00e9enne dans une tourte \u00e9pic\u00e9e"},"content":{"rendered":"<p>Entre mer et soleil, la tielle s\u00e9toise est bien plus qu\u2019un simple plat : c\u2019est une histoire d\u2019exil, de saveurs et d\u2019identit\u00e9 locale. Ce petit chausson rond garni de poulpe et de sauce tomate \u00e9pic\u00e9e est l\u2019un des symboles gastronomiques les plus forts de S\u00e8te, ville portuaire voisine de Montpellier.<br \/>\n\ud83c\uddee\ud83c\uddf9 Une origine italienne\u2026 et s\u00e9toise<\/p>\n<p>La tielle a \u00e9t\u00e9 import\u00e9e \u00e0 S\u00e8te au XIXe si\u00e8cle par des familles italiennes originaires de Ga\u00e8te (pr\u00e8s de Naples), notamment les p\u00eacheurs. Le mot \u00ab\u00a0tielle\u00a0\u00bb vient du mot italien \u00ab\u00a0teglia\u00a0\u00bb, qui d\u00e9signe un plat rond en m\u00e9tal utilis\u00e9 pour la cuisson au four.<\/p>\n<p>Elle \u00e9tait \u00e0 l\u2019origine une fa\u00e7on astucieuse de conserver le poulpe ou les restes de fruits de mer dans une p\u00e2te \u00e0 pain, facilement transportable et rassasiante. Rapidement, la tielle est devenue une sp\u00e9cialit\u00e9 locale \u00e0 part enti\u00e8re, int\u00e9gr\u00e9e \u00e0 la culture s\u00e9toise.<\/p>\n<h2>Les ingr\u00e9dients traditionnels<\/h2>\n<p>Une tielle r\u00e9ussie repose sur deux \u00e9l\u00e9ments essentiels :<br \/>\n<strong>1. La p\u00e2te<\/strong><\/p>\n<ul>\n<li>Farine<\/li>\n<li>Levure de boulanger<\/li>\n<li>Eau<\/li>\n<li>Huile d\u2019olive<\/li>\n<li>Sel<\/li>\n<\/ul>\n<p>Elle doit \u00eatre souple, moelleuse \u00e0 l\u2019int\u00e9rieur et l\u00e9g\u00e8rement croustillante \u00e0 l\u2019ext\u00e9rieur.<\/p>\n<p><strong>2. La farce<\/strong><\/p>\n<ul>\n<li>Poulpe (ou parfois calmar)<\/li>\n<li>Tomates pel\u00e9es concass\u00e9es<\/li>\n<li>Ail<\/li>\n<li>Oignon<\/li>\n<li>Huile d\u2019olive<\/li>\n<li>Vin blanc<\/li>\n<li>Piment (pour relever)<\/li>\n<li>Herbes (thym, laurier)<\/li>\n<\/ul>\n<p>Le tout mijote longuement pour obtenir une garniture fondante et parfum\u00e9e, bien \u00e9pic\u00e9e.<\/p>\n<h2>Pr\u00e9paration traditionnelle de la tielle s\u00e9toise<br \/>\n\u00c9tapes :<\/h2>\n<p>Pr\u00e9parer la p\u00e2te : M\u00e9langer les ingr\u00e9dients et laisser lever 1 \u00e0 2 heures.<\/p>\n<ol>\n<li>Faire cuire le poulpe dans de l\u2019eau bouillante, puis le couper en petits morceaux.<\/li>\n<li>Faire revenir l\u2019oignon et l\u2019ail dans l\u2019huile d\u2019olive, ajouter les tomates, le vin blanc, les herbes et le piment.<\/li>\n<li>Ajouter le poulpe \u00e0 la sauce et laisser mijoter jusqu\u2019\u00e0 ce que le tout soit bien r\u00e9duit.<\/li>\n<li>\u00c9taler la p\u00e2te en deux disques (un pour le fond, un pour le dessus).<\/li>\n<li>Garnir avec la farce, recouvrir avec la deuxi\u00e8me p\u00e2te et sceller les bords.<\/li>\n<li>Badigeonner d\u2019un peu d\u2019huile d\u2019olive ou de sauce tomate pour la brillance.<\/li>\n<li>Enfourner \u00e0 180\u00b0C pendant environ 30 minutes.<\/li>\n<\/ol>\n<h2>Un plat familial devenu star locale<\/h2>\n<p>Longtemps consid\u00e9r\u00e9 comme un plat de p\u00eacheurs ou de pique-nique, la tielle est aujourd\u2019hui un produit embl\u00e9matique de la gastronomie s\u00e9toise, vendue dans les boulangeries, poissonneries, march\u00e9s et m\u00eame en supermarch\u00e9 sous AOP locale.<\/p>\n<p>Il existe des versions individuelles ou familiales, et certains y ajoutent des variantes comme du thon ou des encornets.<\/p>\n<h2>Pourquoi on l\u2019aime ?<\/h2>\n<p>Pour son go\u00fbt unique m\u00ealant douceur de la tomate et piquant du piment<br \/>\nPour son c\u00f4t\u00e9 pratique : se mange chaude, ti\u00e8de ou froide<br \/>\nPour son histoire : un bel exemple de m\u00e9tissage culinaire entre l\u2019Italie et la M\u00e9diterran\u00e9e fran\u00e7aise<\/p>\n<p>&nbsp;<\/p>\n<p>Votre h\u00f4tel \u00e9conomique proche de S\u00e8te : <a href=\"https:\/\/www.fasthotel.com\/hotels-economiques-et-pas-cher-dans-l-herault-en-languedoc-roussillon-fasthotel,2,375,1\">https:\/\/www.fasthotel.com\/hotels-economiques-et-pas-cher-dans-l-herault-en-languedoc-roussillon-fasthotel,2,375,1<\/a><\/p>\n","protected":false},"excerpt":{"rendered":"Entre mer et soleil, la tielle s\u00e9toise est bien plus qu\u2019un simple plat : c\u2019est une histoire d\u2019exil,&hellip;","protected":false},"author":2,"featured_media":3792,"comment_status":"closed","ping_status":"closed","sticky":false,"template":"","format":"standard","meta":{"_ayudawp_aiss_exclude":false,"csco_display_header_overlay":false,"csco_singular_sidebar":"","csco_page_header_type":"","csco_page_load_nextpost":"","csco_post_video_location":[],"csco_post_video_location_hash":"","csco_post_video_url":"","csco_post_video_bg_start_time":0,"csco_post_video_bg_end_time":0,"footnotes":""},"categories":[5],"tags":[],"class_list":{"0":"post-3781","1":"post","2":"type-post","3":"status-publish","4":"format-standard","5":"has-post-thumbnail","7":"category-gastronomie","8":"cs-entry","9":"cs-video-wrap"},"yoast_head":"<!-- This site is optimized with the Yoast SEO plugin v26.9 - https:\/\/yoast.com\/product\/yoast-seo-wordpress\/ -->\n<title>La Tielle S\u00e9toise : L\u2019\u00e2me m\u00e9diterran\u00e9enne dans une tourte \u00e9pic\u00e9e - Blog Fasthotel<\/title>\n<meta name=\"robots\" content=\"index, follow, max-snippet:-1, max-image-preview:large, max-video-preview:-1\" \/>\n<link rel=\"canonical\" href=\"https:\/\/www.fasthotel.com\/blog\/gastronomie\/la-tielle-setoise-lame-mediterraneenne-dans-une-tourte-epicee\/\" \/>\n<meta property=\"og:locale\" content=\"fr_FR\" \/>\n<meta property=\"og:type\" content=\"article\" \/>\n<meta property=\"og:title\" content=\"La Tielle S\u00e9toise : L\u2019\u00e2me m\u00e9diterran\u00e9enne dans une tourte \u00e9pic\u00e9e - Blog Fasthotel\" \/>\n<meta property=\"og:description\" content=\"Entre mer et soleil, la tielle s\u00e9toise est bien plus qu\u2019un simple plat : c\u2019est une histoire d\u2019exil,&hellip;\" \/>\n<meta property=\"og:url\" content=\"https:\/\/www.fasthotel.com\/blog\/gastronomie\/la-tielle-setoise-lame-mediterraneenne-dans-une-tourte-epicee\/\" \/>\n<meta property=\"og:site_name\" content=\"Blog Fasthotel\" \/>\n<meta property=\"article:published_time\" content=\"2025-06-10T12:06:19+00:00\" \/>\n<meta property=\"article:modified_time\" content=\"2025-06-10T13:23:43+00:00\" \/>\n<meta property=\"og:image\" content=\"https:\/\/www.fasthotel.com\/blog\/wp-content\/uploads\/2025\/06\/tielle.jpg\" \/>\n\t<meta property=\"og:image:width\" content=\"1044\" \/>\n\t<meta property=\"og:image:height\" content=\"696\" \/>\n\t<meta property=\"og:image:type\" content=\"image\/jpeg\" \/>\n<meta name=\"author\" content=\"Fasthotel\" \/>\n<meta name=\"twitter:card\" content=\"summary_large_image\" \/>\n<meta name=\"twitter:label1\" content=\"Written by\" \/>\n\t<meta name=\"twitter:data1\" content=\"Fasthotel\" \/>\n\t<meta name=\"twitter:label2\" content=\"Est. reading time\" \/>\n\t<meta name=\"twitter:data2\" content=\"3 minutes\" \/>\n<script type=\"application\/ld+json\" class=\"yoast-schema-graph\">{\"@context\":\"https:\/\/schema.org\",\"@graph\":[{\"@type\":\"Article\",\"@id\":\"https:\/\/www.fasthotel.com\/blog\/gastronomie\/la-tielle-setoise-lame-mediterraneenne-dans-une-tourte-epicee\/#article\",\"isPartOf\":{\"@id\":\"https:\/\/www.fasthotel.com\/blog\/gastronomie\/la-tielle-setoise-lame-mediterraneenne-dans-une-tourte-epicee\/\"},\"author\":{\"name\":\"Fasthotel\",\"@id\":\"https:\/\/www.fasthotel.com\/blog\/#\/schema\/person\/d1b9671d8b44739e0714e2cac17220a1\"},\"headline\":\"La Tielle S\u00e9toise : L\u2019\u00e2me m\u00e9diterran\u00e9enne dans une tourte \u00e9pic\u00e9e\",\"datePublished\":\"2025-06-10T12:06:19+00:00\",\"dateModified\":\"2025-06-10T13:23:43+00:00\",\"mainEntityOfPage\":{\"@id\":\"https:\/\/www.fasthotel.com\/blog\/gastronomie\/la-tielle-setoise-lame-mediterraneenne-dans-une-tourte-epicee\/\"},\"wordCount\":515,\"publisher\":{\"@id\":\"https:\/\/www.fasthotel.com\/blog\/#organization\"},\"image\":{\"@id\":\"https:\/\/www.fasthotel.com\/blog\/gastronomie\/la-tielle-setoise-lame-mediterraneenne-dans-une-tourte-epicee\/#primaryimage\"},\"thumbnailUrl\":\"https:\/\/www.fasthotel.com\/blog\/wp-content\/uploads\/2025\/06\/tielle.jpg\",\"articleSection\":[\"Gastronomie locale\"],\"inLanguage\":\"fr-FR\"},{\"@type\":\"WebPage\",\"@id\":\"https:\/\/www.fasthotel.com\/blog\/gastronomie\/la-tielle-setoise-lame-mediterraneenne-dans-une-tourte-epicee\/\",\"url\":\"https:\/\/www.fasthotel.com\/blog\/gastronomie\/la-tielle-setoise-lame-mediterraneenne-dans-une-tourte-epicee\/\",\"name\":\"La Tielle S\u00e9toise : L\u2019\u00e2me m\u00e9diterran\u00e9enne dans une tourte \u00e9pic\u00e9e - Blog Fasthotel\",\"isPartOf\":{\"@id\":\"https:\/\/www.fasthotel.com\/blog\/#website\"},\"primaryImageOfPage\":{\"@id\":\"https:\/\/www.fasthotel.com\/blog\/gastronomie\/la-tielle-setoise-lame-mediterraneenne-dans-une-tourte-epicee\/#primaryimage\"},\"image\":{\"@id\":\"https:\/\/www.fasthotel.com\/blog\/gastronomie\/la-tielle-setoise-lame-mediterraneenne-dans-une-tourte-epicee\/#primaryimage\"},\"thumbnailUrl\":\"https:\/\/www.fasthotel.com\/blog\/wp-content\/uploads\/2025\/06\/tielle.jpg\",\"datePublished\":\"2025-06-10T12:06:19+00:00\",\"dateModified\":\"2025-06-10T13:23:43+00:00\",\"breadcrumb\":{\"@id\":\"https:\/\/www.fasthotel.com\/blog\/gastronomie\/la-tielle-setoise-lame-mediterraneenne-dans-une-tourte-epicee\/#breadcrumb\"},\"inLanguage\":\"fr-FR\",\"potentialAction\":[{\"@type\":\"ReadAction\",\"target\":[\"https:\/\/www.fasthotel.com\/blog\/gastronomie\/la-tielle-setoise-lame-mediterraneenne-dans-une-tourte-epicee\/\"]}]},{\"@type\":\"ImageObject\",\"inLanguage\":\"fr-FR\",\"@id\":\"https:\/\/www.fasthotel.com\/blog\/gastronomie\/la-tielle-setoise-lame-mediterraneenne-dans-une-tourte-epicee\/#primaryimage\",\"url\":\"https:\/\/www.fasthotel.com\/blog\/wp-content\/uploads\/2025\/06\/tielle.jpg\",\"contentUrl\":\"https:\/\/www.fasthotel.com\/blog\/wp-content\/uploads\/2025\/06\/tielle.jpg\",\"width\":1044,\"height\":696},{\"@type\":\"BreadcrumbList\",\"@id\":\"https:\/\/www.fasthotel.com\/blog\/gastronomie\/la-tielle-setoise-lame-mediterraneenne-dans-une-tourte-epicee\/#breadcrumb\",\"itemListElement\":[{\"@type\":\"ListItem\",\"position\":1,\"name\":\"Home\",\"item\":\"https:\/\/www.fasthotel.com\/blog\/\"},{\"@type\":\"ListItem\",\"position\":2,\"name\":\"La Tielle S\u00e9toise : L\u2019\u00e2me m\u00e9diterran\u00e9enne dans une tourte \u00e9pic\u00e9e\"}]},{\"@type\":\"WebSite\",\"@id\":\"https:\/\/www.fasthotel.com\/blog\/#website\",\"url\":\"https:\/\/www.fasthotel.com\/blog\/\",\"name\":\"Blog Fasthotel\",\"description\":\"H\u00f4tels \u00e9conomiques en France\",\"publisher\":{\"@id\":\"https:\/\/www.fasthotel.com\/blog\/#organization\"},\"potentialAction\":[{\"@type\":\"SearchAction\",\"target\":{\"@type\":\"EntryPoint\",\"urlTemplate\":\"https:\/\/www.fasthotel.com\/blog\/?s={search_term_string}\"},\"query-input\":{\"@type\":\"PropertyValueSpecification\",\"valueRequired\":true,\"valueName\":\"search_term_string\"}}],\"inLanguage\":\"fr-FR\"},{\"@type\":\"Organization\",\"@id\":\"https:\/\/www.fasthotel.com\/blog\/#organization\",\"name\":\"Blog Fasthotel\",\"url\":\"https:\/\/www.fasthotel.com\/blog\/\",\"logo\":{\"@type\":\"ImageObject\",\"inLanguage\":\"fr-FR\",\"@id\":\"https:\/\/www.fasthotel.com\/blog\/#\/schema\/logo\/image\/\",\"url\":\"https:\/\/www.fasthotel.com\/blog\/wp-content\/uploads\/2025\/05\/logo-fasthotel.png\",\"contentUrl\":\"https:\/\/www.fasthotel.com\/blog\/wp-content\/uploads\/2025\/05\/logo-fasthotel.png\",\"width\":250,\"height\":251,\"caption\":\"Blog Fasthotel\"},\"image\":{\"@id\":\"https:\/\/www.fasthotel.com\/blog\/#\/schema\/logo\/image\/\"}},{\"@type\":\"Person\",\"@id\":\"https:\/\/www.fasthotel.com\/blog\/#\/schema\/person\/d1b9671d8b44739e0714e2cac17220a1\",\"name\":\"Fasthotel\",\"image\":{\"@type\":\"ImageObject\",\"inLanguage\":\"fr-FR\",\"@id\":\"https:\/\/www.fasthotel.com\/blog\/#\/schema\/person\/image\/\",\"url\":\"https:\/\/secure.gravatar.com\/avatar\/6726641fcb82ad06eef4240b481472c21e190762518794c35bf2d8c48c383bfd?s=96&d=mm&r=g\",\"contentUrl\":\"https:\/\/secure.gravatar.com\/avatar\/6726641fcb82ad06eef4240b481472c21e190762518794c35bf2d8c48c383bfd?s=96&d=mm&r=g\",\"caption\":\"Fasthotel\"},\"url\":\"https:\/\/www.fasthotel.com\/blog\/author\/laure\/\"}]}<\/script>\n<!-- \/ Yoast SEO plugin. -->","yoast_head_json":{"title":"La Tielle S\u00e9toise : L\u2019\u00e2me m\u00e9diterran\u00e9enne dans une tourte \u00e9pic\u00e9e - Blog Fasthotel","robots":{"index":"index","follow":"follow","max-snippet":"max-snippet:-1","max-image-preview":"max-image-preview:large","max-video-preview":"max-video-preview:-1"},"canonical":"https:\/\/www.fasthotel.com\/blog\/gastronomie\/la-tielle-setoise-lame-mediterraneenne-dans-une-tourte-epicee\/","og_locale":"fr_FR","og_type":"article","og_title":"La Tielle S\u00e9toise : L\u2019\u00e2me m\u00e9diterran\u00e9enne dans une tourte \u00e9pic\u00e9e - Blog Fasthotel","og_description":"Entre mer et soleil, la tielle s\u00e9toise est bien plus qu\u2019un simple plat : c\u2019est une histoire d\u2019exil,&hellip;","og_url":"https:\/\/www.fasthotel.com\/blog\/gastronomie\/la-tielle-setoise-lame-mediterraneenne-dans-une-tourte-epicee\/","og_site_name":"Blog Fasthotel","article_published_time":"2025-06-10T12:06:19+00:00","article_modified_time":"2025-06-10T13:23:43+00:00","og_image":[{"width":1044,"height":696,"url":"https:\/\/www.fasthotel.com\/blog\/wp-content\/uploads\/2025\/06\/tielle.jpg","type":"image\/jpeg"}],"author":"Fasthotel","twitter_card":"summary_large_image","twitter_misc":{"Written by":"Fasthotel","Est. reading time":"3 minutes"},"schema":{"@context":"https:\/\/schema.org","@graph":[{"@type":"Article","@id":"https:\/\/www.fasthotel.com\/blog\/gastronomie\/la-tielle-setoise-lame-mediterraneenne-dans-une-tourte-epicee\/#article","isPartOf":{"@id":"https:\/\/www.fasthotel.com\/blog\/gastronomie\/la-tielle-setoise-lame-mediterraneenne-dans-une-tourte-epicee\/"},"author":{"name":"Fasthotel","@id":"https:\/\/www.fasthotel.com\/blog\/#\/schema\/person\/d1b9671d8b44739e0714e2cac17220a1"},"headline":"La Tielle S\u00e9toise : L\u2019\u00e2me m\u00e9diterran\u00e9enne dans une tourte \u00e9pic\u00e9e","datePublished":"2025-06-10T12:06:19+00:00","dateModified":"2025-06-10T13:23:43+00:00","mainEntityOfPage":{"@id":"https:\/\/www.fasthotel.com\/blog\/gastronomie\/la-tielle-setoise-lame-mediterraneenne-dans-une-tourte-epicee\/"},"wordCount":515,"publisher":{"@id":"https:\/\/www.fasthotel.com\/blog\/#organization"},"image":{"@id":"https:\/\/www.fasthotel.com\/blog\/gastronomie\/la-tielle-setoise-lame-mediterraneenne-dans-une-tourte-epicee\/#primaryimage"},"thumbnailUrl":"https:\/\/www.fasthotel.com\/blog\/wp-content\/uploads\/2025\/06\/tielle.jpg","articleSection":["Gastronomie locale"],"inLanguage":"fr-FR"},{"@type":"WebPage","@id":"https:\/\/www.fasthotel.com\/blog\/gastronomie\/la-tielle-setoise-lame-mediterraneenne-dans-une-tourte-epicee\/","url":"https:\/\/www.fasthotel.com\/blog\/gastronomie\/la-tielle-setoise-lame-mediterraneenne-dans-une-tourte-epicee\/","name":"La Tielle S\u00e9toise : L\u2019\u00e2me m\u00e9diterran\u00e9enne dans une tourte \u00e9pic\u00e9e - Blog Fasthotel","isPartOf":{"@id":"https:\/\/www.fasthotel.com\/blog\/#website"},"primaryImageOfPage":{"@id":"https:\/\/www.fasthotel.com\/blog\/gastronomie\/la-tielle-setoise-lame-mediterraneenne-dans-une-tourte-epicee\/#primaryimage"},"image":{"@id":"https:\/\/www.fasthotel.com\/blog\/gastronomie\/la-tielle-setoise-lame-mediterraneenne-dans-une-tourte-epicee\/#primaryimage"},"thumbnailUrl":"https:\/\/www.fasthotel.com\/blog\/wp-content\/uploads\/2025\/06\/tielle.jpg","datePublished":"2025-06-10T12:06:19+00:00","dateModified":"2025-06-10T13:23:43+00:00","breadcrumb":{"@id":"https:\/\/www.fasthotel.com\/blog\/gastronomie\/la-tielle-setoise-lame-mediterraneenne-dans-une-tourte-epicee\/#breadcrumb"},"inLanguage":"fr-FR","potentialAction":[{"@type":"ReadAction","target":["https:\/\/www.fasthotel.com\/blog\/gastronomie\/la-tielle-setoise-lame-mediterraneenne-dans-une-tourte-epicee\/"]}]},{"@type":"ImageObject","inLanguage":"fr-FR","@id":"https:\/\/www.fasthotel.com\/blog\/gastronomie\/la-tielle-setoise-lame-mediterraneenne-dans-une-tourte-epicee\/#primaryimage","url":"https:\/\/www.fasthotel.com\/blog\/wp-content\/uploads\/2025\/06\/tielle.jpg","contentUrl":"https:\/\/www.fasthotel.com\/blog\/wp-content\/uploads\/2025\/06\/tielle.jpg","width":1044,"height":696},{"@type":"BreadcrumbList","@id":"https:\/\/www.fasthotel.com\/blog\/gastronomie\/la-tielle-setoise-lame-mediterraneenne-dans-une-tourte-epicee\/#breadcrumb","itemListElement":[{"@type":"ListItem","position":1,"name":"Home","item":"https:\/\/www.fasthotel.com\/blog\/"},{"@type":"ListItem","position":2,"name":"La Tielle S\u00e9toise : L\u2019\u00e2me m\u00e9diterran\u00e9enne dans une tourte \u00e9pic\u00e9e"}]},{"@type":"WebSite","@id":"https:\/\/www.fasthotel.com\/blog\/#website","url":"https:\/\/www.fasthotel.com\/blog\/","name":"Blog Fasthotel","description":"H\u00f4tels \u00e9conomiques en France","publisher":{"@id":"https:\/\/www.fasthotel.com\/blog\/#organization"},"potentialAction":[{"@type":"SearchAction","target":{"@type":"EntryPoint","urlTemplate":"https:\/\/www.fasthotel.com\/blog\/?s={search_term_string}"},"query-input":{"@type":"PropertyValueSpecification","valueRequired":true,"valueName":"search_term_string"}}],"inLanguage":"fr-FR"},{"@type":"Organization","@id":"https:\/\/www.fasthotel.com\/blog\/#organization","name":"Blog Fasthotel","url":"https:\/\/www.fasthotel.com\/blog\/","logo":{"@type":"ImageObject","inLanguage":"fr-FR","@id":"https:\/\/www.fasthotel.com\/blog\/#\/schema\/logo\/image\/","url":"https:\/\/www.fasthotel.com\/blog\/wp-content\/uploads\/2025\/05\/logo-fasthotel.png","contentUrl":"https:\/\/www.fasthotel.com\/blog\/wp-content\/uploads\/2025\/05\/logo-fasthotel.png","width":250,"height":251,"caption":"Blog Fasthotel"},"image":{"@id":"https:\/\/www.fasthotel.com\/blog\/#\/schema\/logo\/image\/"}},{"@type":"Person","@id":"https:\/\/www.fasthotel.com\/blog\/#\/schema\/person\/d1b9671d8b44739e0714e2cac17220a1","name":"Fasthotel","image":{"@type":"ImageObject","inLanguage":"fr-FR","@id":"https:\/\/www.fasthotel.com\/blog\/#\/schema\/person\/image\/","url":"https:\/\/secure.gravatar.com\/avatar\/6726641fcb82ad06eef4240b481472c21e190762518794c35bf2d8c48c383bfd?s=96&d=mm&r=g","contentUrl":"https:\/\/secure.gravatar.com\/avatar\/6726641fcb82ad06eef4240b481472c21e190762518794c35bf2d8c48c383bfd?s=96&d=mm&r=g","caption":"Fasthotel"},"url":"https:\/\/www.fasthotel.com\/blog\/author\/laure\/"}]}},"_links":{"self":[{"href":"https:\/\/www.fasthotel.com\/blog\/wp-json\/wp\/v2\/posts\/3781","targetHints":{"allow":["GET"]}}],"collection":[{"href":"https:\/\/www.fasthotel.com\/blog\/wp-json\/wp\/v2\/posts"}],"about":[{"href":"https:\/\/www.fasthotel.com\/blog\/wp-json\/wp\/v2\/types\/post"}],"author":[{"embeddable":true,"href":"https:\/\/www.fasthotel.com\/blog\/wp-json\/wp\/v2\/users\/2"}],"replies":[{"embeddable":true,"href":"https:\/\/www.fasthotel.com\/blog\/wp-json\/wp\/v2\/comments?post=3781"}],"version-history":[{"count":2,"href":"https:\/\/www.fasthotel.com\/blog\/wp-json\/wp\/v2\/posts\/3781\/revisions"}],"predecessor-version":[{"id":3805,"href":"https:\/\/www.fasthotel.com\/blog\/wp-json\/wp\/v2\/posts\/3781\/revisions\/3805"}],"wp:featuredmedia":[{"embeddable":true,"href":"https:\/\/www.fasthotel.com\/blog\/wp-json\/wp\/v2\/media\/3792"}],"wp:attachment":[{"href":"https:\/\/www.fasthotel.com\/blog\/wp-json\/wp\/v2\/media?parent=3781"}],"wp:term":[{"taxonomy":"category","embeddable":true,"href":"https:\/\/www.fasthotel.com\/blog\/wp-json\/wp\/v2\/categories?post=3781"},{"taxonomy":"post_tag","embeddable":true,"href":"https:\/\/www.fasthotel.com\/blog\/wp-json\/wp\/v2\/tags?post=3781"}],"curies":[{"name":"wp","href":"https:\/\/api.w.org\/{rel}","templated":true}]}}