{"id":3886,"date":"2025-10-02T12:10:29","date_gmt":"2025-10-02T10:10:29","guid":{"rendered":"https:\/\/www.fasthotel.com\/blog\/?p=3886"},"modified":"2025-11-18T10:45:30","modified_gmt":"2025-11-18T09:45:30","slug":"marche-de-noel-a-colmar-2025-les-secrets-des-locaux-pour-une-visite-magique","status":"publish","type":"post","link":"https:\/\/www.fasthotel.com\/blog\/tourisme\/marche-de-noel-a-colmar-2025-les-secrets-des-locaux-pour-une-visite-magique\/","title":{"rendered":"March\u00e9 de No\u00ebl \u00e0 Colmar 2025 : Les Secrets des Locaux Pour Une Visite Magique"},"content":{"rendered":"<p>Le march\u00e9 de no\u00ebl \u00e0 <a href=\"https:\/\/www.fasthotel.com\/alsace\/hotels-colmar-pas-cher\">Colmar<\/a> transforme chaque ann\u00e9e le centre historique de cette ville alsacienne en un v\u00e9ritable village f\u00e9erique.\u00a0Du 25 novembre au 29 d\u00e9cembre 2025, vous pourrez d\u00e9couvrir six march\u00e9s distincts r\u00e9partis dans la vieille ville, tous nich\u00e9s au c\u0153ur d&rsquo;un cadre pittoresque de maisons \u00e0 colombages illumin\u00e9es.<\/p>\n<p>En fait, nous devrions parler \u00ab\u00a0des march\u00e9s de no\u00ebl de colmar\u00a0\u00bb puisqu&rsquo;ils sont d\u00e9sormais au nombre de 6 villages r\u00e9partis en plusieurs lieux de la vieille ville.\u00a0Avec environ 200 chalets, des restaurants, des winstub et des boutiques, le march\u00e9 de no\u00ebl a colmar offre une exp\u00e9rience authentique dans un d\u00e9cor traditionnel alsacien.\u00a0Pour profiter pleinement de cette ambiance magique, nous vous recommandons, plus que jamais, de visiter en dehors des week-ends.<\/p>\n<p>Dans cet article, nous partagerons avec vous nos secrets de locaux pour une visite r\u00e9ussie en 2025 : les meilleurs emplacements, les sp\u00e9cialit\u00e9s gastronomiques incontournables, les animations pour toute la famille, et surtout, nos astuces pour \u00e9viter les foules et vivre pleinement la magie de No\u00ebl \u00e0 Colmar.<\/p>\n<h2>Les lieux incontournables du march\u00e9 de No\u00ebl de Colmar<\/h2>\n<p>D\u00e9couvrir les six march\u00e9s de No\u00ebl de Colmar, c&rsquo;est plonger dans des ambiances uniques, chacune avec son propre caract\u00e8re et ses tr\u00e9sors. Voici un tour d&rsquo;horizon de ces lieux magiques qui font la r\u00e9putation du march\u00e9 de no\u00ebl \u00e0 Colmar.<\/p>\n<h3>Place des Dominicains<\/h3>\n<p>La Place des Dominicains offre l&rsquo;un des d\u00e9cors les plus impressionnants du march\u00e9 de no\u00ebl de Colmar. Domin\u00e9e par l&rsquo;\u00e9l\u00e9gante \u00e9glise du 14\u00e8me si\u00e8cle, cette place prend une dimension presque spirituelle d\u00e8s la tomb\u00e9e de la nuit, lorsque ses remarquables vitraux sont subtilement illumin\u00e9s. Ces \u0153uvres d&rsquo;art m\u00e9di\u00e9vales cr\u00e9ent une atmosph\u00e8re v\u00e9ritablement envo\u00fbtante. En vous promenant parmi la soixantaine de maisonnettes, vous d\u00e9couvrirez notamment des sapins de No\u00ebl, du gui et du houx ainsi que de nombreuses d\u00e9corations pour embellir votre maison pendant les f\u00eates.<\/p>\n<h3>Place de l&rsquo;Ancienne Douane<\/h3>\n<p>Situ\u00e9e au c\u0153ur de la vieille ville, la Place de l&rsquo;Ancienne Douane accueille environ cinquante chalets dispos\u00e9s harmonieusement autour de l&rsquo;imposante Fontaine Schwendi.\u00a0Ce march\u00e9, ouvert\u00a0<a class=\"text-n-purple-1000 hover:underline\" href=\"https:\/\/www.tourisme-colmar.com\/fr\/agenda-a-voir-a-faire\/F235007626_marche-de-noel-place-de-lancienne-douane-colmar\" target=\"_blank\" rel=\"noopener\">du 25 novembre au 29 d\u00e9cembre 2025<\/a>, est principalement d\u00e9di\u00e9 \u00e0 l&rsquo;artisanat et \u00e0 la gastronomie.\u00a0Une fois la nuit venue, le spectacle devient f\u00e9erique lorsque le b\u00e2timent du Ko\u00effhus et son impressionnant escalier Renaissance s&rsquo;habillent de lumi\u00e8res chatoyantes.\u00a0Les horaires varient selon les jours : du lundi au samedi de 11h \u00e0 19h, et jusqu&rsquo;\u00e0 20h les vendredis, samedis et dimanches.<\/p>\n<h3>Ko\u00effhus et son march\u00e9 int\u00e9rieur<\/h3>\n<p>\u00c0 l&rsquo;abri du froid, le march\u00e9 int\u00e9rieur du Ko\u00effhus vous invite \u00e0 d\u00e9couvrir les cr\u00e9ations d&rsquo;une vingtaine d&rsquo;artisans locaux dans un cadre m\u00e9di\u00e9val majestueux.\u00a0C\u00e9ramistes, potiers, souffleurs de verre, \u00e9b\u00e9nistes, sculpteurs sur bois, chapeliers et bijoutiers exposent leur savoir-faire traditionnel dans ce b\u00e2timent historique.\u00a0Au premier \u00e9tage, vous pourrez explorer la prestigieuse salle de la D\u00e9capole qui abrite des livres et bijoux anciens.\u00a0Ce march\u00e9 est particuli\u00e8rement appr\u00e9ci\u00e9 pour son ambiance \u00e0 la fois prestigieuse et intimiste, parfaite pour d\u00e9nicher des cadeaux uniques.<\/p>\n<h3>Place Jeanne d&rsquo;Arc<\/h3>\n<p>La Place Jeanne d&rsquo;Arc reconstitue l&rsquo;ambiance intimiste d&rsquo;un village traditionnel alsacien.\u00a0Ce march\u00e9 est surplomb\u00e9 par un ensemble unique de maisons \u00e0 colombages et de b\u00e2timents de style classique fran\u00e7ais, t\u00e9moignant de l&rsquo;histoire mouvement\u00e9e de l&rsquo;Alsace.\u00a0Enti\u00e8rement d\u00e9di\u00e9 aux produits authentiques du terroir, il vous offre un large choix de sp\u00e9cialit\u00e9s alsaciennes : foie gras, charcuterie, vins, eaux-de-vie, bredalas de No\u00ebl et pains d&rsquo;\u00e9pices.\u00a0Pour compl\u00e9ter l&rsquo;ambiance villageoise, vous y trouverez \u00e9galement une petite \u00e9glise et m\u00eame un petit troupeau de moutons.<\/p>\n<h3>Petite Venise et Place des Six Montagnes Noires<\/h3>\n<p>Ce march\u00e9 enchanteur est le paradis des enfants !\u00a0Situ\u00e9 dans le quartier le plus pittoresque de Colmar, o\u00f9 les maisons \u00e0 colombages s&rsquo;alignent de part et d&rsquo;autre de la Lauch, il se transforme en v\u00e9ritable royaume f\u00e9erique pendant la p\u00e9riode de No\u00ebl.\u00a0Les yeux des petits s&rsquo;illuminent devant les lapins doux et moutons fris\u00e9s nich\u00e9s dans les chalets en bois.\u00a0Ne manquez pas la cr\u00e8che m\u00e9canique, les \u00e9l\u00e9gants carrousels avec leurs chevaux de bois, et bien s\u00fbr, la bo\u00eete aux lettres g\u00e9ante du P\u00e8re No\u00ebl qui a \u00e9lu domicile dans ce quartier magique[81].<\/p>\n<h3>March\u00e9 gourmand de la Montagne Verte<\/h3>\n<p>Pour compl\u00e9ter votre exp\u00e9rience, rendez-vous au march\u00e9 gourmand install\u00e9 sur le plateau sportif de la Montagne Verte.\u00a0Ce sixi\u00e8me march\u00e9, enti\u00e8rement d\u00e9di\u00e9 \u00e0 la gastronomie, accueille neuf chefs, ma\u00eetres restaurateurs qui proposent des mets divins dans leurs cabanes.\u00a0Des hu\u00eetres aux sp\u00e9cialit\u00e9s alsaciennes, vous trouverez des plats pour tous les go\u00fbts, \u00e0 d\u00e9guster sur place aux tables hautes mises \u00e0 disposition ou \u00e0 emporter.\u00a0Contrairement aux autres march\u00e9s, celui-ci reste ouvert\u00a0<a class=\"text-n-purple-1000 hover:underline\" href=\"https:\/\/www.tourisme-colmar.com\/fr\/agenda-a-voir-a-faire\/F235015379_marche-de-noel-marche-gourmand-colmar\" target=\"_blank\" rel=\"noopener\">jusqu&rsquo;au 4 janvier 2026<\/a>\u00a0et accueille les visiteurs tous les jours de 11h \u00e0 22h (sauf le 31 d\u00e9cembre : 11h-17h).<\/p>\n<h2>Les sp\u00e9cialit\u00e9s alsaciennes \u00e0 ne pas manquer<\/h2>\n<p>La gastronomie tient une place centrale dans l&rsquo;exp\u00e9rience du march\u00e9 de no\u00ebl \u00e0 Colmar. Les ar\u00f4mes envo\u00fbtants qui \u00e9manent des chalets vous guideront \u00e0 travers une aventure culinaire typiquement alsacienne.<\/p>\n<h3>Bredele, mannele et kouglof<\/h3>\n<p>Les bredele (ou bredalas dans le Haut-Rhin) constituent un v\u00e9ritable symbole de l&rsquo;identit\u00e9 alsacienne pendant les f\u00eates.\u00a0Ces petits g\u00e2teaux aux formes vari\u00e9es se d\u00e9clinent en plusieurs dizaines de vari\u00e9t\u00e9s aux saveurs diff\u00e9rentes : cannelle, vanille, chocolat, amande, noisette, anis, noix de coco&#8230;\u00a0J&rsquo;adore particuli\u00e8rement les damiers vanille-chocolat, les croissants \u00e0 la vanille et les \u00e9toiles \u00e0 la cannelle qui parfument d\u00e9licieusement les \u00e9tals.<\/p>\n<p>D\u00e9but d\u00e9cembre apparaissent les manalas, ces brioches fines au beurre en forme de bonhomme que les enfants d\u00e9gustent traditionnellement le 6 d\u00e9cembre pour la Saint-Nicolas, souvent accompagn\u00e9es d&rsquo;un savoureux chocolat chaud.<\/p>\n<p>Ne partez pas sans avoir go\u00fbt\u00e9 au kouglof, cette p\u00e2tisserie embl\u00e9matique \u00e0 la p\u00e2te lev\u00e9e sucr\u00e9e aux raisins mac\u00e9r\u00e9s dans le kirsch.\u00a0Sa forme couronn\u00e9e caract\u00e9ristique tr\u00f4ne fi\u00e8rement sur les tables des p\u00e2tissiers du march\u00e9.<\/p>\n<h3>Foie gras, choucroute et tartines<\/h3>\n<p>Saviez-vous que le foie gras a \u00e9t\u00e9 invent\u00e9 \u00e0 Strasbourg en 1780? Au march\u00e9 de no\u00ebl de Colmar, vous pourrez d\u00e9guster cette sp\u00e9cialit\u00e9 sur place ou l&rsquo;acheter pour vos repas de f\u00eates, notamment sur la Place Jeanne d&rsquo;Arc.<\/p>\n<p>Par ailleurs, l&rsquo;incontournable\u00a0<a class=\"text-n-purple-1000 hover:underline\" href=\"https:\/\/www.noel-colmar.com\/fr\/marches-de-noel-de-colmar\/decouvrir\/specialites-gourmandes\" target=\"_blank\" rel=\"noopener\">choucroute d&rsquo;Alsace<\/a>\u00a0s&rsquo;impose comme le plat r\u00e9confortant par excellence pendant les frimas hivernaux.\u00a0D&rsquo;autres plats savoureux vous attendent comme le baeckeoffe (trois viandes marin\u00e9es et pommes de terre au vin blanc) ou le coq au riesling.<\/p>\n<p>Les tartines garnies de munster ou de foie gras repr\u00e9sentent une option id\u00e9ale pour une pause gourmande entre deux d\u00e9couvertes.\u00a0Je vous conseille de les accompagner d&rsquo;un verre de vin d&rsquo;Alsace pour une exp\u00e9rience gustative compl\u00e8te.<\/p>\n<h3>Vin chaud et jus de pomme \u00e9pic\u00e9<\/h3>\n<p>Le\u00a0<a class=\"text-n-purple-1000 hover:underline\" href=\"https:\/\/www.noel-colmar.com\/fr\/marches-de-noel-de-colmar\/decouvrir\/specialites-gourmandes\" target=\"_blank\" rel=\"noopener\">vin chaud \u00e0 la cannelle<\/a>\u00a0reste sans conteste la boisson embl\u00e9matique des march\u00e9s de No\u00ebl alsaciens.\u00a0Pr\u00e9par\u00e9 avec de l&rsquo;anis \u00e9toil\u00e9, des b\u00e2tons de cannelle, des gousses de vanille et des \u00e9corces d&rsquo;orange infus\u00e9s dans le vin rouge, il se d\u00e9guste \u00e0 toute heure pour oublier le froid hivernal.<\/p>\n<p>Pour les enfants ou ceux qui pr\u00e9f\u00e8rent \u00e9viter l&rsquo;alcool, le jus de pomme chaud aux \u00e9pices constitue une excellente alternative.\u00a0Cette boisson de plus en plus appr\u00e9ci\u00e9e se pr\u00e9pare avec du jus de pomme artisanal agr\u00e9ment\u00e9 de cannelle, badiane, muscade et girofle.\u00a0Certains y ajoutent des rondelles d&rsquo;agrumes et un filet de miel pour encore plus de saveur.\u00a0Id\u00e9al apr\u00e8s une s\u00e9ance de patinage ou une promenade dans les ruelles illumin\u00e9es!<\/p>\n<h3>Produits du terroir \u00e0 emporter<\/h3>\n<p>Le march\u00e9 de no\u00ebl \u00e0 colmar offre \u00e9galement l&rsquo;opportunit\u00e9 de ramener chez soi des tr\u00e9sors gustatifs.\u00a0Pain d&rsquo;\u00e9pices traditionnel, langues glac\u00e9es au sucre ou au chocolat, vins d&rsquo;Alsace, bi\u00e8re de No\u00ebl ou eaux-de-vie figurent parmi les souvenirs gourmands les plus pris\u00e9s.<\/p>\n<p>Sur la Place Jeanne d&rsquo;Arc notamment, vous trouverez un large choix de produits authentiques du terroir.\u00a0Les artisans proposent des cr\u00e9ations soigneusement s\u00e9lectionn\u00e9es, avec une priorit\u00e9 donn\u00e9e aux produits artisanaux et locaux.\u00a0Un cadeau parfait pour prolonger la magie de No\u00ebl bien apr\u00e8s votre visite.<\/p>\n<h2>Animations et activit\u00e9s pour toute la famille<\/h2>\n<p>Au-del\u00e0 des \u00e9tals et des d\u00e9gustations, le march\u00e9 de no\u00ebl \u00e0 colmar propose une multitude d&rsquo;animations qui enchantent toute la famille. Ces moments magiques constituent souvent les souvenirs les plus pr\u00e9cieux d&rsquo;une visite hivernale en Alsace.<\/p>\n<h3>Chants de No\u00ebl sur barques illumin\u00e9es<\/h3>\n<p>Parmi les exp\u00e9riences les plus \u00e9mouvantes, ne manquez pas le spectacle des chorales d&rsquo;enfants qui naviguent sur des barques illumin\u00e9es le long des canaux de la Petite Venise.\u00a0<a class=\"text-n-purple-1000 hover:underline\" href=\"https:\/\/www.tourisme-colmar.com\/fr\/agenda-a-voir-a-faire\/F235010173_les-enfants-chantent-noel-sur-les-barques-colmar\" target=\"_blank\" rel=\"noopener\">Du 26 novembre au 20 d\u00e9cembre 2025<\/a>, chaque soir de 17h \u00e0 18h, ces jeunes chanteurs interpr\u00e8tent de magnifiques chants de No\u00ebl traditionnels.\u00a0Cette pause enchant\u00e9e se d\u00e9roule pr\u00e8s du Pont Turenne &#8211; Quai de la poissonnerie, o\u00f9 le public se masse pour admirer ces embarcations scintillantes qui glissent doucement sur l&rsquo;eau. Certainement l&rsquo;une des animations les plus photographi\u00e9es du march\u00e9 de no\u00ebl de colmar, elle d\u00e9pend toutefois des conditions m\u00e9t\u00e9orologiques favorables.<\/p>\n<h3>Bo\u00eete aux lettres du P\u00e8re No\u00ebl<\/h3>\n<p>Sur le march\u00e9 de la Petite Venise, une immense bo\u00eete aux lettres rouge attire l&rsquo;attention des plus jeunes.\u00a0Install\u00e9e sp\u00e9cialement pour l&rsquo;occasion, elle permet aux enfants de d\u00e9poser leur pr\u00e9cieux courrier pour le P\u00e8re No\u00ebl.\u00a0En inscrivant lisiblement l&rsquo;adresse au dos de l&rsquo;enveloppe, chaque enfant recevra une r\u00e9ponse personnalis\u00e9e.\u00a0Cette bo\u00eete magique est accessible du 25 novembre au 29 d\u00e9cembre 2025, avec des horaires \u00e9tendus: du lundi au jeudi de 11h \u00e0 19h, et jusqu&rsquo;\u00e0 20h les vendredis, samedis et dimanches.<\/p>\n<h3>Ateliers de p\u00e2tisserie alsacienne<\/h3>\n<p>Pour les gourmands curieux, des ateliers de confection de bredele de No\u00ebl sont propos\u00e9s avec le chef Thomas Lorentz.\u00a0Pendant trois heures, petits et grands peuvent s&rsquo;initier \u00e0 l&rsquo;art de pr\u00e9parer ces d\u00e9licieux biscuits traditionnels. \u00c0 la fin de la session, chaque participant repart avec 1 kg de ses cr\u00e9ations, id\u00e9al pour prolonger la magie \u00e0 la maison.\u00a0Moyennant\u00a070\u20ac, ces cours sont disponibles en fran\u00e7ais et en allemand.<\/p>\n<h3>Spectacles et concerts en plein air<\/h3>\n<p>De l&rsquo;Avent \u00e0 l&rsquo;An Neuf, une multitude d&rsquo;animations ponctue les f\u00eates \u00e0 Colmar: expositions, conf\u00e9rences, concerts et contes enchantent les rues de la ville.\u00a0Ne manquez pas le concert d&rsquo;ouverture du march\u00e9 de No\u00ebl par la Pr\u00e9-Ma\u00eetrise Fille du Conservatoire de Musique de Colmar.\u00a0Par ailleurs, la Place Rapp se transforme en un espace ludique et f\u00e9erique, avec un d\u00e9cor hivernal parsem\u00e9 de sapins floqu\u00e9s et de chalets, pour le bonheur de tous.<\/p>\n<h3>Chasse au tr\u00e9sor dans la vieille ville<\/h3>\n<p>Pour explorer Colmar de fa\u00e7on ludique, participez \u00e0 la chasse au tr\u00e9sor qui commence Place Unterlinden. \u00c0 chaque \u00e9tape, notez un indice qui vous aidera \u00e0 compl\u00e9ter le mot myst\u00e8re final.\u00a0Cette activit\u00e9 gratuite, id\u00e9ale en famille, vous guide \u00e0 travers le c\u0153ur historique avec \u00e9nigmes, charades et jeux de mots.\u00a0Une fois le mot d\u00e9couvert, rendez-vous \u00e0 l&rsquo;Office de Tourisme pour valider votre trouvaille et recevoir votre r\u00e9compense bien m\u00e9rit\u00e9e.\u00a0Le livret, disponible uniquement en fran\u00e7ais, est accessible tous les jours pendant la p\u00e9riode des f\u00eates.<\/p>\n<h2>Conseils pratiques pour une visite r\u00e9ussie<\/h2>\n<p>Pour tirer le meilleur parti de votre visite au march\u00e9 de no\u00ebl \u00e0 colmar, quelques conseils pratiques s&rsquo;av\u00e8rent indispensables. La pr\u00e9paration minutieuse de votre journ\u00e9e vous permettra d&rsquo;\u00e9viter les d\u00e9sagr\u00e9ments et de profiter pleinement de cette exp\u00e9rience f\u00e9\u00e9rique.<\/p>\n<h3>Horaires et jours \u00e0 privil\u00e9gier<\/h3>\n<p>Le march\u00e9 de no\u00ebl de colmar est ouvert du 25 novembre au 29 d\u00e9cembre 2025.\u00a0Du lundi au jeudi, les chalets vous accueillent de 11h \u00e0 19h, tandis que du vendredi au dimanche, les horaires s&rsquo;\u00e9tendent de 10h \u00e0 20h.\u00a0La veille de No\u00ebl, pr\u00e9voyez une visite matinale car le march\u00e9 ferme exceptionnellement \u00e0 17h.\u00a0Le jour de No\u00ebl, les \u00e9tals rouvrent de 11h \u00e0 19h, et le 26 d\u00e9cembre de 10h \u00e0 20h.<\/p>\n<p>Pour une visite plus sereine, privil\u00e9giez les jours de semaine. Les week-ends attirent g\u00e9n\u00e9ralement une foule consid\u00e9rable, surtout en d\u00e9cembre.\u00a0Le march\u00e9 gourmand de la Montagne Verte reste ouvert plus longtemps, jusqu&rsquo;au 4 janvier, et vous accueille quotidiennement de 11h \u00e0 22h.<\/p>\n<h3>O\u00f9 se garer facilement<\/h3>\n<p>Pendant toute la dur\u00e9e des march\u00e9s, l&rsquo;acc\u00e8s au centre-ville est ferm\u00e9 aux v\u00e9hicules. Plusieurs options de stationnement s&rsquo;offrent \u00e0 vous.\u00a0Le parking-relais du Parc des Expositions est ouvert tous les week-ends (sauf 27-29 d\u00e9cembre) au tarif de 3\u20ac la journ\u00e9e.\u00a0Les parkings couverts Mairie, Rapp, Gare\/Bleyl\u00e9, Saint-Josse et Montagne Verte constituent des alternatives id\u00e9ales.\u00a0Le parking Rapp et celui de la Gare\/Bleyl\u00e9 sont accessibles 24h\/24 et 7j\/7.<\/p>\n<h3>Utiliser les navettes gratuites<\/h3>\n<p>Des navettes gratuites relient le parking Bleyl\u00e9 (pr\u00e8s de la gare) au Th\u00e9\u00e2tre municipal toutes les 13 minutes.\u00a0Depuis le parking du Parc des Expositions, des bus gratuits circulent les week-ends, d\u00e9posant les passagers \u00e0 l&rsquo;arr\u00eat Saint-Eloi, \u00e0 deux pas de la rue Vauban.<\/p>\n<p>Par ailleurs, les \u00ab\u00a0Navettes de No\u00ebl\u00a0\u00bb desservent \u00e9galement les march\u00e9s voisins.\u00a0Au d\u00e9part de la gare de Colmar, elles relient Kaysersberg, Riquewihr, Ribeauvill\u00e9, Eguisheim, Turckheim, Munster et Neuf-Brisach.\u00a0Les tarifs varient entre 8\u20ac (en semaine) et 17\u20ac (week-end), avec gratuit\u00e9 pour les moins de 12 ans.\u00a0Ces navettes circulent du 28 novembre au 21 d\u00e9cembre 2025.<\/p>\n<h3>R\u00e9server les visites guid\u00e9es \u00e0 l&rsquo;avance<\/h3>\n<p>Pour une d\u00e9couverte approfondie, les visites guid\u00e9es \u00ab\u00a0Colmar, l&rsquo;\u00e2me de No\u00ebl\u00a0\u00bb sont disponibles du 25 novembre au 31 d\u00e9cembre 2025.\u00a0D&rsquo;une dur\u00e9e d&rsquo;1h30, ces visites d\u00e9marrent \u00e0 l&rsquo;Office de Tourisme (Place Unterlinden).\u00a0Elles sont propos\u00e9es le matin (10h30-12h) ou l&rsquo;apr\u00e8s-midi (16h30-18h), selon les jours.\u00a0Comptez 10\u20ac pour les adultes, 6\u20ac pour les enfants de 10 \u00e0 17 ans, et gratuit\u00e9 pour les moins de 10 ans.<\/p>\n<p>Les places \u00e9tant limit\u00e9es, je vous conseille vivement de r\u00e9server vos billets \u00e0 l&rsquo;avance sur le site internet de l&rsquo;Office de Tourisme. Ces visites vous permettront de d\u00e9couvrir l&rsquo;histoire et les traditions de No\u00ebl en Alsace, au-del\u00e0 du simple aspect commercial des march\u00e9s.<\/p>\n<h2>Les bons plans des locaux pour \u00e9viter la foule<\/h2>\n<p>Les habitants de Colmar connaissent quelques astuces pr\u00e9cieuses pour \u00e9chapper \u00e0 la mar\u00e9e humaine qui envahit leur ville pendant les f\u00eates. Voici leurs secrets bien gard\u00e9s pour profiter pleinement du march\u00e9 de no\u00ebl \u00e0 colmar.<\/p>\n<h3>Visiter en semaine plut\u00f4t que le week-end<\/h3>\n<p>Selon les statistiques locales, les mardis, mercredis et jeudis matin offrent les conditions de visite les plus agr\u00e9ables. \u00c0 l&rsquo;inverse, \u00e9vitez absolument les vendredis apr\u00e8s 16 heures et les samedis toute la journ\u00e9e, reconnus comme les moments de plus forte affluence.\u00a0Les lundis repr\u00e9sentent \u00e9galement une excellente option, avec des all\u00e9es nettement moins encombr\u00e9es.<\/p>\n<h3>Arriver t\u00f4t le matin ou en fin de journ\u00e9e<\/h3>\n<p>Pour les l\u00e8ve-t\u00f4t, une arriv\u00e9e avant 9h00 vous permettra d&rsquo;explorer les lieux avant l&rsquo;ouverture officielle des chalets.\u00a0D&rsquo;ailleurs, apr\u00e8s 22h00, la magie op\u00e8re v\u00e9ritablement : les illuminations restent allum\u00e9es jusqu&rsquo;\u00e0 23h00, mais la plupart des visiteurs ont d\u00e9j\u00e0 quitt\u00e9 les lieux.<\/p>\n<h3>Explorer les ruelles moins fr\u00e9quent\u00e9es<\/h3>\n<p>Tandis que les places principales d\u00e9bordent de monde, les ruelles adjacentes offrent souvent un charme similaire avec beaucoup moins de bousculade. Effectivement, l&rsquo;immense majorit\u00e9 des visiteurs se concentre sur les circuits touristiques classiques, laissant certains tr\u00e9sors cach\u00e9s aux seuls connaisseurs.<\/p>\n<h3>Profiter des march\u00e9s voisins comme Riquewihr ou Kaysersberg<\/h3>\n<p>Notamment, le march\u00e9 de No\u00ebl d&rsquo;Obernai attire nettement moins de visiteurs tout en conservant une ambiance similaire.\u00a0Par ailleurs, Riquewihr et Kaysersberg, accessibles facilement depuis Colmar, comptent parmi les plus beaux march\u00e9s d&rsquo;Alsace.\u00a0Pour y acc\u00e9der sans stress, utilisez les navettes sp\u00e9ciales qui relient Colmar \u00e0 ces villages pour 8\u20ac en semaine et jusqu&rsquo;\u00e0 17\u20ac le week-end.<\/p>\n<p><a href=\"https:\/\/www.fasthotel.com\/alsace\/hotel-colmar\" target=\"_blank\" rel=\"noopener\">R\u00e9servez votre h\u00f4tel \u00e0 Colmar<\/a><\/p>\n<h2>Conclusion<\/h2>\n<p>Au fil des ans, le march\u00e9 de No\u00ebl \u00e0 Colmar s&rsquo;est impos\u00e9 comme l&rsquo;un des plus enchanteurs d&rsquo;Europe. Certainement, sa magie r\u00e9side dans cette combinaison unique entre patrimoine architectural exceptionnel et traditions alsaciennes authentiques. Durant votre visite, vous aurez l&rsquo;occasion de fl\u00e2ner parmi six march\u00e9s distincts, chacun avec sa propre identit\u00e9 et son charme particulier.<\/p>\n<p>La gastronomie alsacienne constitue sans doute l&rsquo;\u00e2me de cette exp\u00e9rience hivernale. Les bredele parfum\u00e9s, la choucroute r\u00e9confortante et le vin chaud \u00e9pic\u00e9 r\u00e9chauffent les c\u0153urs tandis que les illuminations f\u00e9eriques \u00e9merveillent les yeux. Ensemble, ces \u00e9l\u00e9ments cr\u00e9ent cette atmosph\u00e8re si particuli\u00e8re qui fait revenir les visiteurs ann\u00e9e apr\u00e8s ann\u00e9e.<\/p>\n<p>Pour les familles, le march\u00e9 offre bien plus que de simples \u00e9tals. Les chants sur barques illumin\u00e9es, la bo\u00eete aux lettres g\u00e9ante du P\u00e8re No\u00ebl et les ateliers de p\u00e2tisserie cr\u00e9ent des souvenirs imp\u00e9rissables pour petits et grands. N\u00e9anmoins, une visite r\u00e9ussie n\u00e9cessite quelques pr\u00e9cautions, notamment \u00e9viter les week-ends bond\u00e9s et privil\u00e9gier les cr\u00e9neaux en semaine.<\/p>\n<p>Finalement, ce qui rend le march\u00e9 de No\u00ebl de Colmar v\u00e9ritablement sp\u00e9cial, c&rsquo;est cette sensation d&rsquo;\u00eatre transport\u00e9 dans un conte de f\u00e9es hivernal. Les conseils des locaux vous permettront d&rsquo;\u00e9chapper aux foules et de d\u00e9couvrir l&rsquo;essence m\u00eame de cette c\u00e9l\u00e9bration alsacienne. Que vous veniez pour l&rsquo;artisanat, la gastronomie ou simplement l&rsquo;ambiance, vous repartirez assur\u00e9ment avec un peu de magie de No\u00ebl dans le c\u0153ur.<\/p>\n<p>Alors prenez le temps de vous perdre dans les ruelles illumin\u00e9es, de savourer chaque gorg\u00e9e de vin chaud et d&rsquo;admirer les d\u00e9tails soign\u00e9s des d\u00e9corations traditionnelles. Apr\u00e8s tout, la vraie beaut\u00e9 du march\u00e9 de No\u00ebl \u00e0 Colmar se r\u00e9v\u00e8le \u00e0 ceux qui savent ralentir pour appr\u00e9cier pleinement chaque instant de cette parenth\u00e8se enchant\u00e9e en Alsace.<\/p>\n<h2>FAQs<\/h2>\n<p><strong>Q1. Quels sont les meilleurs moments pour visiter le march\u00e9 de No\u00ebl de Colmar ?<\/strong>\u00a0Pour une exp\u00e9rience plus agr\u00e9able, il est recommand\u00e9 de visiter en semaine, particuli\u00e8rement les mardis, mercredis et jeudis matin. \u00c9vitez les vendredis apr\u00e8s-midi et les samedis qui sont les p\u00e9riodes les plus fr\u00e9quent\u00e9es.<\/p>\n<p><strong>Q2. Quelles sont les sp\u00e9cialit\u00e9s culinaires \u00e0 ne pas manquer au march\u00e9 de No\u00ebl de Colmar ?<\/strong>\u00a0Ne manquez pas de go\u00fbter aux bredele (petits g\u00e2teaux de No\u00ebl), au foie gras, \u00e0 la choucroute, et bien s\u00fbr au vin chaud. Pour les enfants, le jus de pomme \u00e9pic\u00e9 est une excellente alternative.<\/p>\n<p><strong>Q3. Y a-t-il des animations sp\u00e9ciales pour les enfants au march\u00e9 de No\u00ebl de Colmar ?<\/strong>\u00a0Oui, les enfants peuvent profiter de nombreuses activit\u00e9s comme la bo\u00eete aux lettres g\u00e9ante du P\u00e8re No\u00ebl, les chants de No\u00ebl sur des barques illumin\u00e9es, et des ateliers de p\u00e2tisserie alsacienne.<\/p>\n<p><strong>Q4. Comment se rendre facilement au march\u00e9 de No\u00ebl de Colmar ?<\/strong>\u00a0Il est conseill\u00e9 d&rsquo;utiliser les parkings-relais et les navettes gratuites mises en place. Des navettes relient \u00e9galement Colmar aux march\u00e9s de No\u00ebl des villages voisins comme Riquewihr et Kaysersberg.<\/p>\n<p><strong>Q5. Combien de temps faut-il pr\u00e9voir pour visiter le march\u00e9 de No\u00ebl de Colmar ?<\/strong>\u00a0Pour profiter pleinement de l&rsquo;atmosph\u00e8re et explorer les six march\u00e9s distincts, il est recommand\u00e9 de pr\u00e9voir au moins une apr\u00e8s-midi compl\u00e8te, soit environ 3 \u00e0 4 heures de visite.<\/p>\n","protected":false},"excerpt":{"rendered":"Le march\u00e9 de no\u00ebl \u00e0 Colmar transforme chaque ann\u00e9e le centre historique de cette ville alsacienne en un&hellip;","protected":false},"author":1,"featured_media":3888,"comment_status":"closed","ping_status":"closed","sticky":false,"template":"","format":"standard","meta":{"_ayudawp_aiss_exclude":false,"csco_display_header_overlay":false,"csco_singular_sidebar":"","csco_page_header_type":"","csco_page_load_nextpost":"","csco_post_video_location":[],"csco_post_video_location_hash":"","csco_post_video_url":"","csco_post_video_bg_start_time":0,"csco_post_video_bg_end_time":0,"footnotes":""},"categories":[4,3],"tags":[],"class_list":{"0":"post-3886","1":"post","2":"type-post","3":"status-publish","4":"format-standard","5":"has-post-thumbnail","7":"category-evenements","8":"category-tourisme","9":"cs-entry","10":"cs-video-wrap"},"yoast_head":"<!-- This site is optimized with the Yoast SEO plugin v26.9 - https:\/\/yoast.com\/product\/yoast-seo-wordpress\/ -->\n<title>March\u00e9 de No\u00ebl \u00e0 Colmar 2025 : Les Secrets des Locaux Pour Une Visite Magique - Blog Fasthotel<\/title>\n<meta name=\"robots\" content=\"index, follow, max-snippet:-1, max-image-preview:large, max-video-preview:-1\" \/>\n<link rel=\"canonical\" href=\"https:\/\/www.fasthotel.com\/blog\/tourisme\/marche-de-noel-a-colmar-2025-les-secrets-des-locaux-pour-une-visite-magique\/\" \/>\n<meta property=\"og:locale\" content=\"fr_FR\" \/>\n<meta property=\"og:type\" content=\"article\" \/>\n<meta property=\"og:title\" content=\"March\u00e9 de No\u00ebl \u00e0 Colmar 2025 : Les Secrets des Locaux Pour Une Visite Magique - Blog Fasthotel\" \/>\n<meta property=\"og:description\" content=\"Le march\u00e9 de no\u00ebl \u00e0 Colmar transforme chaque ann\u00e9e le centre historique de cette ville alsacienne en un&hellip;\" \/>\n<meta property=\"og:url\" content=\"https:\/\/www.fasthotel.com\/blog\/tourisme\/marche-de-noel-a-colmar-2025-les-secrets-des-locaux-pour-une-visite-magique\/\" \/>\n<meta property=\"og:site_name\" content=\"Blog Fasthotel\" \/>\n<meta property=\"article:published_time\" content=\"2025-10-02T10:10:29+00:00\" \/>\n<meta property=\"article:modified_time\" content=\"2025-11-18T09:45:30+00:00\" \/>\n<meta property=\"og:image\" content=\"https:\/\/www.fasthotel.com\/blog\/wp-content\/uploads\/2025\/10\/mache-noel-colamr.webp\" \/>\n\t<meta property=\"og:image:width\" content=\"1300\" \/>\n\t<meta property=\"og:image:height\" content=\"742\" \/>\n\t<meta property=\"og:image:type\" content=\"image\/webp\" \/>\n<meta name=\"author\" content=\"Fasthotel\" \/>\n<meta name=\"twitter:card\" content=\"summary_large_image\" \/>\n<meta name=\"twitter:label1\" content=\"Written by\" \/>\n\t<meta name=\"twitter:data1\" content=\"Fasthotel\" \/>\n\t<meta name=\"twitter:label2\" content=\"Est. reading time\" \/>\n\t<meta name=\"twitter:data2\" content=\"16 minutes\" \/>\n<script type=\"application\/ld+json\" class=\"yoast-schema-graph\">{\"@context\":\"https:\/\/schema.org\",\"@graph\":[{\"@type\":\"Article\",\"@id\":\"https:\/\/www.fasthotel.com\/blog\/tourisme\/marche-de-noel-a-colmar-2025-les-secrets-des-locaux-pour-une-visite-magique\/#article\",\"isPartOf\":{\"@id\":\"https:\/\/www.fasthotel.com\/blog\/tourisme\/marche-de-noel-a-colmar-2025-les-secrets-des-locaux-pour-une-visite-magique\/\"},\"author\":{\"name\":\"Fasthotel\",\"@id\":\"https:\/\/www.fasthotel.com\/blog\/#\/schema\/person\/4253acb3f9a578fae003deed571dd0aa\"},\"headline\":\"March\u00e9 de No\u00ebl \u00e0 Colmar 2025 : Les Secrets des Locaux Pour Une Visite Magique\",\"datePublished\":\"2025-10-02T10:10:29+00:00\",\"dateModified\":\"2025-11-18T09:45:30+00:00\",\"mainEntityOfPage\":{\"@id\":\"https:\/\/www.fasthotel.com\/blog\/tourisme\/marche-de-noel-a-colmar-2025-les-secrets-des-locaux-pour-une-visite-magique\/\"},\"wordCount\":3416,\"publisher\":{\"@id\":\"https:\/\/www.fasthotel.com\/blog\/#organization\"},\"image\":{\"@id\":\"https:\/\/www.fasthotel.com\/blog\/tourisme\/marche-de-noel-a-colmar-2025-les-secrets-des-locaux-pour-une-visite-magique\/#primaryimage\"},\"thumbnailUrl\":\"https:\/\/www.fasthotel.com\/blog\/wp-content\/uploads\/2025\/10\/mache-noel-colamr.webp\",\"articleSection\":[\"Ev\u00e9nements &amp; sorties\",\"Tourisme &amp; D\u00e9couvertes\"],\"inLanguage\":\"fr-FR\"},{\"@type\":\"WebPage\",\"@id\":\"https:\/\/www.fasthotel.com\/blog\/tourisme\/marche-de-noel-a-colmar-2025-les-secrets-des-locaux-pour-une-visite-magique\/\",\"url\":\"https:\/\/www.fasthotel.com\/blog\/tourisme\/marche-de-noel-a-colmar-2025-les-secrets-des-locaux-pour-une-visite-magique\/\",\"name\":\"March\u00e9 de No\u00ebl \u00e0 Colmar 2025 : Les Secrets des Locaux Pour Une Visite Magique - Blog Fasthotel\",\"isPartOf\":{\"@id\":\"https:\/\/www.fasthotel.com\/blog\/#website\"},\"primaryImageOfPage\":{\"@id\":\"https:\/\/www.fasthotel.com\/blog\/tourisme\/marche-de-noel-a-colmar-2025-les-secrets-des-locaux-pour-une-visite-magique\/#primaryimage\"},\"image\":{\"@id\":\"https:\/\/www.fasthotel.com\/blog\/tourisme\/marche-de-noel-a-colmar-2025-les-secrets-des-locaux-pour-une-visite-magique\/#primaryimage\"},\"thumbnailUrl\":\"https:\/\/www.fasthotel.com\/blog\/wp-content\/uploads\/2025\/10\/mache-noel-colamr.webp\",\"datePublished\":\"2025-10-02T10:10:29+00:00\",\"dateModified\":\"2025-11-18T09:45:30+00:00\",\"breadcrumb\":{\"@id\":\"https:\/\/www.fasthotel.com\/blog\/tourisme\/marche-de-noel-a-colmar-2025-les-secrets-des-locaux-pour-une-visite-magique\/#breadcrumb\"},\"inLanguage\":\"fr-FR\",\"potentialAction\":[{\"@type\":\"ReadAction\",\"target\":[\"https:\/\/www.fasthotel.com\/blog\/tourisme\/marche-de-noel-a-colmar-2025-les-secrets-des-locaux-pour-une-visite-magique\/\"]}]},{\"@type\":\"ImageObject\",\"inLanguage\":\"fr-FR\",\"@id\":\"https:\/\/www.fasthotel.com\/blog\/tourisme\/marche-de-noel-a-colmar-2025-les-secrets-des-locaux-pour-une-visite-magique\/#primaryimage\",\"url\":\"https:\/\/www.fasthotel.com\/blog\/wp-content\/uploads\/2025\/10\/mache-noel-colamr.webp\",\"contentUrl\":\"https:\/\/www.fasthotel.com\/blog\/wp-content\/uploads\/2025\/10\/mache-noel-colamr.webp\",\"width\":1300,\"height\":742},{\"@type\":\"BreadcrumbList\",\"@id\":\"https:\/\/www.fasthotel.com\/blog\/tourisme\/marche-de-noel-a-colmar-2025-les-secrets-des-locaux-pour-une-visite-magique\/#breadcrumb\",\"itemListElement\":[{\"@type\":\"ListItem\",\"position\":1,\"name\":\"Home\",\"item\":\"https:\/\/www.fasthotel.com\/blog\/\"},{\"@type\":\"ListItem\",\"position\":2,\"name\":\"March\u00e9 de No\u00ebl \u00e0 Colmar 2025 : Les Secrets des Locaux Pour Une Visite Magique\"}]},{\"@type\":\"WebSite\",\"@id\":\"https:\/\/www.fasthotel.com\/blog\/#website\",\"url\":\"https:\/\/www.fasthotel.com\/blog\/\",\"name\":\"Blog Fasthotel\",\"description\":\"H\u00f4tels \u00e9conomiques en France\",\"publisher\":{\"@id\":\"https:\/\/www.fasthotel.com\/blog\/#organization\"},\"potentialAction\":[{\"@type\":\"SearchAction\",\"target\":{\"@type\":\"EntryPoint\",\"urlTemplate\":\"https:\/\/www.fasthotel.com\/blog\/?s={search_term_string}\"},\"query-input\":{\"@type\":\"PropertyValueSpecification\",\"valueRequired\":true,\"valueName\":\"search_term_string\"}}],\"inLanguage\":\"fr-FR\"},{\"@type\":\"Organization\",\"@id\":\"https:\/\/www.fasthotel.com\/blog\/#organization\",\"name\":\"Blog Fasthotel\",\"url\":\"https:\/\/www.fasthotel.com\/blog\/\",\"logo\":{\"@type\":\"ImageObject\",\"inLanguage\":\"fr-FR\",\"@id\":\"https:\/\/www.fasthotel.com\/blog\/#\/schema\/logo\/image\/\",\"url\":\"https:\/\/www.fasthotel.com\/blog\/wp-content\/uploads\/2025\/05\/logo-fasthotel.png\",\"contentUrl\":\"https:\/\/www.fasthotel.com\/blog\/wp-content\/uploads\/2025\/05\/logo-fasthotel.png\",\"width\":250,\"height\":251,\"caption\":\"Blog Fasthotel\"},\"image\":{\"@id\":\"https:\/\/www.fasthotel.com\/blog\/#\/schema\/logo\/image\/\"}},{\"@type\":\"Person\",\"@id\":\"https:\/\/www.fasthotel.com\/blog\/#\/schema\/person\/4253acb3f9a578fae003deed571dd0aa\",\"name\":\"Fasthotel\",\"image\":{\"@type\":\"ImageObject\",\"inLanguage\":\"fr-FR\",\"@id\":\"https:\/\/www.fasthotel.com\/blog\/#\/schema\/person\/image\/\",\"url\":\"https:\/\/secure.gravatar.com\/avatar\/e7b621d7774cd0d222d4c5268570217a1a4bebcb44788c4f1967a726c67b4566?s=96&d=mm&r=g\",\"contentUrl\":\"https:\/\/secure.gravatar.com\/avatar\/e7b621d7774cd0d222d4c5268570217a1a4bebcb44788c4f1967a726c67b4566?s=96&d=mm&r=g\",\"caption\":\"Fasthotel\"},\"sameAs\":[\"https:\/\/www.fasthotel.com\/blog\"],\"url\":\"https:\/\/www.fasthotel.com\/blog\/author\/oman\/\"}]}<\/script>\n<!-- \/ Yoast SEO plugin. -->","yoast_head_json":{"title":"March\u00e9 de No\u00ebl \u00e0 Colmar 2025 : Les Secrets des Locaux Pour Une Visite Magique - Blog Fasthotel","robots":{"index":"index","follow":"follow","max-snippet":"max-snippet:-1","max-image-preview":"max-image-preview:large","max-video-preview":"max-video-preview:-1"},"canonical":"https:\/\/www.fasthotel.com\/blog\/tourisme\/marche-de-noel-a-colmar-2025-les-secrets-des-locaux-pour-une-visite-magique\/","og_locale":"fr_FR","og_type":"article","og_title":"March\u00e9 de No\u00ebl \u00e0 Colmar 2025 : Les Secrets des Locaux Pour Une Visite Magique - Blog Fasthotel","og_description":"Le march\u00e9 de no\u00ebl \u00e0 Colmar transforme chaque ann\u00e9e le centre historique de cette ville alsacienne en un&hellip;","og_url":"https:\/\/www.fasthotel.com\/blog\/tourisme\/marche-de-noel-a-colmar-2025-les-secrets-des-locaux-pour-une-visite-magique\/","og_site_name":"Blog Fasthotel","article_published_time":"2025-10-02T10:10:29+00:00","article_modified_time":"2025-11-18T09:45:30+00:00","og_image":[{"width":1300,"height":742,"url":"https:\/\/www.fasthotel.com\/blog\/wp-content\/uploads\/2025\/10\/mache-noel-colamr.webp","type":"image\/webp"}],"author":"Fasthotel","twitter_card":"summary_large_image","twitter_misc":{"Written by":"Fasthotel","Est. reading time":"16 minutes"},"schema":{"@context":"https:\/\/schema.org","@graph":[{"@type":"Article","@id":"https:\/\/www.fasthotel.com\/blog\/tourisme\/marche-de-noel-a-colmar-2025-les-secrets-des-locaux-pour-une-visite-magique\/#article","isPartOf":{"@id":"https:\/\/www.fasthotel.com\/blog\/tourisme\/marche-de-noel-a-colmar-2025-les-secrets-des-locaux-pour-une-visite-magique\/"},"author":{"name":"Fasthotel","@id":"https:\/\/www.fasthotel.com\/blog\/#\/schema\/person\/4253acb3f9a578fae003deed571dd0aa"},"headline":"March\u00e9 de No\u00ebl \u00e0 Colmar 2025 : Les Secrets des Locaux Pour Une Visite Magique","datePublished":"2025-10-02T10:10:29+00:00","dateModified":"2025-11-18T09:45:30+00:00","mainEntityOfPage":{"@id":"https:\/\/www.fasthotel.com\/blog\/tourisme\/marche-de-noel-a-colmar-2025-les-secrets-des-locaux-pour-une-visite-magique\/"},"wordCount":3416,"publisher":{"@id":"https:\/\/www.fasthotel.com\/blog\/#organization"},"image":{"@id":"https:\/\/www.fasthotel.com\/blog\/tourisme\/marche-de-noel-a-colmar-2025-les-secrets-des-locaux-pour-une-visite-magique\/#primaryimage"},"thumbnailUrl":"https:\/\/www.fasthotel.com\/blog\/wp-content\/uploads\/2025\/10\/mache-noel-colamr.webp","articleSection":["Ev\u00e9nements &amp; sorties","Tourisme &amp; D\u00e9couvertes"],"inLanguage":"fr-FR"},{"@type":"WebPage","@id":"https:\/\/www.fasthotel.com\/blog\/tourisme\/marche-de-noel-a-colmar-2025-les-secrets-des-locaux-pour-une-visite-magique\/","url":"https:\/\/www.fasthotel.com\/blog\/tourisme\/marche-de-noel-a-colmar-2025-les-secrets-des-locaux-pour-une-visite-magique\/","name":"March\u00e9 de No\u00ebl \u00e0 Colmar 2025 : Les Secrets des Locaux Pour Une Visite Magique - Blog Fasthotel","isPartOf":{"@id":"https:\/\/www.fasthotel.com\/blog\/#website"},"primaryImageOfPage":{"@id":"https:\/\/www.fasthotel.com\/blog\/tourisme\/marche-de-noel-a-colmar-2025-les-secrets-des-locaux-pour-une-visite-magique\/#primaryimage"},"image":{"@id":"https:\/\/www.fasthotel.com\/blog\/tourisme\/marche-de-noel-a-colmar-2025-les-secrets-des-locaux-pour-une-visite-magique\/#primaryimage"},"thumbnailUrl":"https:\/\/www.fasthotel.com\/blog\/wp-content\/uploads\/2025\/10\/mache-noel-colamr.webp","datePublished":"2025-10-02T10:10:29+00:00","dateModified":"2025-11-18T09:45:30+00:00","breadcrumb":{"@id":"https:\/\/www.fasthotel.com\/blog\/tourisme\/marche-de-noel-a-colmar-2025-les-secrets-des-locaux-pour-une-visite-magique\/#breadcrumb"},"inLanguage":"fr-FR","potentialAction":[{"@type":"ReadAction","target":["https:\/\/www.fasthotel.com\/blog\/tourisme\/marche-de-noel-a-colmar-2025-les-secrets-des-locaux-pour-une-visite-magique\/"]}]},{"@type":"ImageObject","inLanguage":"fr-FR","@id":"https:\/\/www.fasthotel.com\/blog\/tourisme\/marche-de-noel-a-colmar-2025-les-secrets-des-locaux-pour-une-visite-magique\/#primaryimage","url":"https:\/\/www.fasthotel.com\/blog\/wp-content\/uploads\/2025\/10\/mache-noel-colamr.webp","contentUrl":"https:\/\/www.fasthotel.com\/blog\/wp-content\/uploads\/2025\/10\/mache-noel-colamr.webp","width":1300,"height":742},{"@type":"BreadcrumbList","@id":"https:\/\/www.fasthotel.com\/blog\/tourisme\/marche-de-noel-a-colmar-2025-les-secrets-des-locaux-pour-une-visite-magique\/#breadcrumb","itemListElement":[{"@type":"ListItem","position":1,"name":"Home","item":"https:\/\/www.fasthotel.com\/blog\/"},{"@type":"ListItem","position":2,"name":"March\u00e9 de No\u00ebl \u00e0 Colmar 2025 : Les Secrets des Locaux Pour Une Visite Magique"}]},{"@type":"WebSite","@id":"https:\/\/www.fasthotel.com\/blog\/#website","url":"https:\/\/www.fasthotel.com\/blog\/","name":"Blog Fasthotel","description":"H\u00f4tels \u00e9conomiques en France","publisher":{"@id":"https:\/\/www.fasthotel.com\/blog\/#organization"},"potentialAction":[{"@type":"SearchAction","target":{"@type":"EntryPoint","urlTemplate":"https:\/\/www.fasthotel.com\/blog\/?s={search_term_string}"},"query-input":{"@type":"PropertyValueSpecification","valueRequired":true,"valueName":"search_term_string"}}],"inLanguage":"fr-FR"},{"@type":"Organization","@id":"https:\/\/www.fasthotel.com\/blog\/#organization","name":"Blog Fasthotel","url":"https:\/\/www.fasthotel.com\/blog\/","logo":{"@type":"ImageObject","inLanguage":"fr-FR","@id":"https:\/\/www.fasthotel.com\/blog\/#\/schema\/logo\/image\/","url":"https:\/\/www.fasthotel.com\/blog\/wp-content\/uploads\/2025\/05\/logo-fasthotel.png","contentUrl":"https:\/\/www.fasthotel.com\/blog\/wp-content\/uploads\/2025\/05\/logo-fasthotel.png","width":250,"height":251,"caption":"Blog Fasthotel"},"image":{"@id":"https:\/\/www.fasthotel.com\/blog\/#\/schema\/logo\/image\/"}},{"@type":"Person","@id":"https:\/\/www.fasthotel.com\/blog\/#\/schema\/person\/4253acb3f9a578fae003deed571dd0aa","name":"Fasthotel","image":{"@type":"ImageObject","inLanguage":"fr-FR","@id":"https:\/\/www.fasthotel.com\/blog\/#\/schema\/person\/image\/","url":"https:\/\/secure.gravatar.com\/avatar\/e7b621d7774cd0d222d4c5268570217a1a4bebcb44788c4f1967a726c67b4566?s=96&d=mm&r=g","contentUrl":"https:\/\/secure.gravatar.com\/avatar\/e7b621d7774cd0d222d4c5268570217a1a4bebcb44788c4f1967a726c67b4566?s=96&d=mm&r=g","caption":"Fasthotel"},"sameAs":["https:\/\/www.fasthotel.com\/blog"],"url":"https:\/\/www.fasthotel.com\/blog\/author\/oman\/"}]}},"_links":{"self":[{"href":"https:\/\/www.fasthotel.com\/blog\/wp-json\/wp\/v2\/posts\/3886","targetHints":{"allow":["GET"]}}],"collection":[{"href":"https:\/\/www.fasthotel.com\/blog\/wp-json\/wp\/v2\/posts"}],"about":[{"href":"https:\/\/www.fasthotel.com\/blog\/wp-json\/wp\/v2\/types\/post"}],"author":[{"embeddable":true,"href":"https:\/\/www.fasthotel.com\/blog\/wp-json\/wp\/v2\/users\/1"}],"replies":[{"embeddable":true,"href":"https:\/\/www.fasthotel.com\/blog\/wp-json\/wp\/v2\/comments?post=3886"}],"version-history":[{"count":4,"href":"https:\/\/www.fasthotel.com\/blog\/wp-json\/wp\/v2\/posts\/3886\/revisions"}],"predecessor-version":[{"id":3891,"href":"https:\/\/www.fasthotel.com\/blog\/wp-json\/wp\/v2\/posts\/3886\/revisions\/3891"}],"wp:featuredmedia":[{"embeddable":true,"href":"https:\/\/www.fasthotel.com\/blog\/wp-json\/wp\/v2\/media\/3888"}],"wp:attachment":[{"href":"https:\/\/www.fasthotel.com\/blog\/wp-json\/wp\/v2\/media?parent=3886"}],"wp:term":[{"taxonomy":"category","embeddable":true,"href":"https:\/\/www.fasthotel.com\/blog\/wp-json\/wp\/v2\/categories?post=3886"},{"taxonomy":"post_tag","embeddable":true,"href":"https:\/\/www.fasthotel.com\/blog\/wp-json\/wp\/v2\/tags?post=3886"}],"curies":[{"name":"wp","href":"https:\/\/api.w.org\/{rel}","templated":true}]}}